{"id":1917,"date":"2025-03-08T15:03:35","date_gmt":"2025-03-08T14:03:35","guid":{"rendered":"https:\/\/www.tributoo.com\/?p=1917"},"modified":"2025-04-19T07:55:18","modified_gmt":"2025-04-19T05:55:18","slug":"erinnerung-damals-und-heute","status":"publish","type":"post","link":"https:\/\/www.tributoo.com\/de\/erinnerung-damals-und-heute\/","title":{"rendered":"Erinnerung \u201edamals\u201c und \u201eheute\u201c"},"content":{"rendered":"<h2 data-pm-slice=\"1 1 []\"><strong>Erinnerung<\/strong><\/h2>\n<h2 data-pm-slice=\"1 1 []\"><strong>Digitale Gedenkseiten als Ort der Erinnerung<\/strong><\/h2>\n<p>Der Verlust eines geliebten Menschen ist eine der schwersten Erfahrungen im Leben. Doch Erinnerungen verblassen mit der Zeit, und oft w\u00fcnschen sich Angeh\u00f6rige eine M\u00f6glichkeit, das Andenken an Verstorbene lebendig zu halten. Digitale Gedenkseiten bieten genau diese Gelegenheit: Sie sind ein moderner Weg, um auch Jahre nach der Bestattung des Erbes und die Erinnerungen an eine Person zu bewahren.<\/p>\n<h3>Erinnerungen damals und Erinnerungen heute<\/h3>\n<p>Fr\u00fchere Erinnerungen wurden vor allem durch Erz\u00e4hlungen, Tageb\u00fccher oder Fotoalben festgehalten. Familiengeschichten wurden von Generation zu Generation weitergegeben, doch vieles ging im Laufe der Zeit verloren. Fotos verblassen, Briefe wurden nicht aufbewahrt und die m\u00fcndliche \u00dcberlieferung war oft l\u00fcckenhaft.<\/p>\n<p>Heute haben wir durch die Digitalisierung neue M\u00f6glichkeiten, Erinnerungen zu bewahren. Soziale Medien, Cloud-Speicher und digitale Gedenkseiten erm\u00f6glichen es, Geschichten, Bilder und Videos langfristig zu archivieren. Erinnerungen k\u00f6nnen nicht nur bewahrt, sondern auch mit anderen geteilt und interaktiv gestaltet werden. Die Gefahr des Vergessens wird dadurch verringert \u2013 denn digitale Inhalte sind, wenn sie gut gepflegt werden, f\u00fcr nachfolgende Generationen zug\u00e4nglich.<\/p>\n<h3>Was sind digitale Gedenkseiten?<\/h3>\n<p>Digitale Gedenkseiten sind Online-Plattformen, auf denen Angeh\u00f6rige, Freunde und Bekannte eines Verstorbenen gemeinsame Erinnerungen teilen k\u00f6nnen. Diese Seiten bieten die M\u00f6glichkeit, Fotos, Videos, pers\u00f6nliche Geschichten und Kondolenzen zu ver\u00f6ffentlichen. H\u00e4ufig k\u00f6nnen Besucher auch virtuelle Kerzen entz\u00fcnden oder Gedenktage markieren.<\/p>\n<h3>Warum sind digitale Gedenkseiten so wertvoll?<\/h3>\n<ol start=\"1\" data-spread=\"false\">\n<li><strong>Dauerhafte Erinnerung:<\/strong> W\u00e4hrend Grabst\u00e4tten an einen festen Ort gebunden sind, k\u00f6nnen digitale Gedenkseiten von \u00fcberall auf der Welt besucht werden. So bleiben die Erinnerungen immer erreichbar.<\/li>\n<li><strong>Interaktives Gedenken:<\/strong> Nutzer k\u00f6nnen ihre Gedanken und Gef\u00fchle jederzeit teilen, was insbesondere an besonderen Tagen wie Geburtstagen oder Todestagen Trost verbracht hat.<\/li>\n<li><strong>Gemeinschaftliches Erinnern:<\/strong> Freunde und Familie k\u00f6nnen sich austauschen, gemeinsam trauern und besondere Momente teilen, unabh\u00e4ngig von Entfernungen.<\/li>\n<li><strong>Multimediale Gestaltung:<\/strong> Bilder, Videos und Audiodateien lassen das Denken lebendig erscheinen und erm\u00f6glichen eine vielschichtige Erinnerungskultur.<\/li>\n<li><strong>Sp\u00e4te Ehrung eines Verstorbenen:<\/strong> Auch Jahre nach dem Verlust kann eine digitale Gedenkseite helfen, das Andenken aufrechtzuerhalten \u2013 sei es f\u00fcr Nachkommen, die mehr \u00fcber ihre Vorfahren erfahren m\u00f6chten, oder f\u00fcr Menschen, die eine verstorbene Person neu w\u00fcrdigen wollen.<\/li>\n<li><strong>Nachtr\u00e4gliche Verarbeitung der Trauer:<\/strong> Manche Menschen ben\u00f6tigen mehr Zeit, um mit einem Verlust umzugehen. Eine digitale Gedenkseite kann auch Jahre sp\u00e4ter noch einen Ort des Trostes und der Reflexion bieten.<\/li>\n<li><strong>Jubil\u00e4en und besondere Anl\u00e4sse:<\/strong> Ein runder Geburtstag oder ein bedeutendes Jubil\u00e4um kann Anlass sein, eine digitale Gedenkseite zu erstellen und so die Erinnerung an den Verstorbenen zu erneuern.<\/li>\n<\/ol>\n<h3>Die Zukunft der digitalen Erinnerungskultur<\/h3>\n<p>Mit der zunehmenden Digitalisierung unseres Lebens wird auch die Kunst, wie wir trauern und denken, ver\u00e4ndert. Immer mehr Menschen nutzen Online-Plattformen, um Erinnerungen zu bewahren und zu teilen. In Zukunft k\u00f6nnten k\u00fcnstliche Intelligenz und virtuelle Gedenkr\u00e4ume neue Wege schaffen, um das Andenken an Verstorbene noch pers\u00f6nlicher und interaktiver zu gestalten.<\/p>\n<h3>Fazit<\/h3>\n<p>Digitale Gedenkseiten sind ein einf\u00fchlsames Mittel, um Erinnerungen lebendig zu halten \u2013 auch \u00fcber Jahrzehnte hinweg. Sie erm\u00f6glichen es, das Verm\u00e4chtnis eines geliebten Menschen dauerhaft zu bewahren und die Erinnerung mit anderen zu teilen. In einer zunehmend vernetzten Welt k\u00f6nnen sie Trost spenden und dabei helfen, die Verbindung zu den Verstorbenen aufrechtzuerhalten.<\/p>\n<p><strong>Ihr Tributoo Team<\/strong><\/p>\n<div style=\"margin: 20px 0;\"><div class=\"qrcswholewtapper\" style=\"text-align:left;\"><div class=\"qrcprowrapper\"  id=\"qrcwraa2leds\"><div class=\"qrc_canvass\" id=\"qrc_cuttenpages_2\" style=\"display:inline-block\" data-text=\"https:\/\/www.tributoo.com\/de\/erinnerung-damals-und-heute\/\"><\/div><div><a download=\"Erinnerung &#8220;damals&#8221; und &#8220;heute&#8221;.png\" class=\"qrcdownloads\" id=\"worign\">\r\n           <button type=\"button\" style=\"min-width:220px;background:#dd9933;color:#ffffff;font-weight: 600;border: 1px solid #dd9933;border-radius:5px;font-size:12px;padding: 6px 0;\" class=\"uqr_code_btn\">QR-Code herunterladen<\/button>\r\n           <\/a><\/div><\/div><\/div><\/div>","protected":false},"excerpt":{"rendered":"<p>Erinnerung bewahren Digitale Gedenkseiten als Ort der Erinnerung Der Verlust eines geliebten Menschen ist eine der schwersten Erfahrungen im Leben. Doch Erinnerungen verblassen mit der Zeit, und oft w\u00fcnschen sich Angeh\u00f6rige eine M\u00f6glichkeit, das Andenken an Verstorbene lebendig zu halten. Digitale Gedenkseiten bieten genau diese Gelegenheit: Sie sind ein moderner Weg, um auch Jahre nach der Bestattung das Erbe und die Erinnerungen an eine Person zu bewahren. Erinnerungen damals und Erinnerungen heute Fr\u00fcher wurden Erinnerungen vor allem durch Erz\u00e4hlungen, Tageb\u00fccher oder Fotoalben festgehalten. Familiengeschichten wurden von Generation zu Generation weitergegeben, doch vieles ging im Laufe der Zeit verloren. Fotos verblassten, Briefe wurden nicht aufbewahrt und die m\u00fcndliche \u00dcberlieferung war oft l\u00fcckenhaft. Heute haben wir durch die Digitalisierung neue M\u00f6glichkeiten, Erinnerungen zu bewahren. Soziale Medien, Cloud-Speicher und digitale Gedenkseiten erm\u00f6glichen es, Geschichten, Bilder und Videos langfristig zu archivieren. Erinnerungen k\u00f6nnen nicht nur bewahrt, sondern auch mit anderen geteilt und interaktiv gestaltet werden. Die Gefahr des Vergessens wird dadurch verringert \u2013 denn digitale Inhalte sind, wenn sie gut gepflegt werden, f\u00fcr nachfolgende Generationen zug\u00e4nglich. Was sind digitale Gedenkseiten? Digitale Gedenkseiten sind Online-Plattformen, auf denen Angeh\u00f6rige, Freunde und Bekannte eines Verstorbenen gemeinsam Erinnerungen teilen k\u00f6nnen. Diese Seiten bieten die M\u00f6glichkeit, Fotos, Videos, pers\u00f6nliche Geschichten und Kondolenzen zu ver\u00f6ffentlichen. H\u00e4ufig k\u00f6nnen Besucher auch virtuelle Kerzen entz\u00fcnden oder Gedenktage markieren. Warum sind digitale Gedenkseiten so wertvoll? Dauerhafte Erinnerung: W\u00e4hrend Grabst\u00e4tten an einem festen Ort gebunden sind, k\u00f6nnen digitale Gedenkseiten von \u00fcberall auf der Welt besucht werden. So bleiben die Erinnerungen immer erreichbar. Interaktives Gedenken: Nutzer k\u00f6nnen ihre Gedanken und Gef\u00fchle jederzeit teilen, was insbesondere an besonderen Tagen wie Geburtstagen oder Todestagen Trost spendet. Gemeinschaftliches Erinnern: Freunde und Familie k\u00f6nnen sich austauschen, gemeinsam trauern und besondere Momente teilen, unabh\u00e4ngig von Entfernungen. Multimediale Gestaltung: Bilder, Videos und Audiodateien lassen das Andenken lebendig erscheinen und erm\u00f6glichen eine vielschichtige Erinnerungskultur. Sp\u00e4te Ehrung eines Verstorbenen: Auch Jahre nach dem Verlust kann eine digitale Gedenkseite helfen, das Andenken aufrechtzuerhalten \u2013 sei es f\u00fcr Nachkommen, die mehr \u00fcber ihre Vorfahren erfahren m\u00f6chten, oder f\u00fcr Menschen, die eine verstorbene Person neu w\u00fcrdigen wollen. Nachtr\u00e4gliche Verarbeitung der Trauer: Manche Menschen ben\u00f6tigen mehr Zeit, um mit einem Verlust umzugehen. Eine digitale Gedenkseite kann auch Jahre sp\u00e4ter noch einen Ort des Trostes und der Reflexion bieten. Jubil\u00e4en und besondere Anl\u00e4sse: Ein runder Geburtstag oder ein bedeutendes Jubil\u00e4um kann Anlass sein, eine digitale Gedenkseite zu erstellen und so die Erinnerung an den Verstorbenen zu erneuern. Die Zukunft der digitalen Erinnerungskultur Mit der zunehmenden Digitalisierung unseres Lebens wird auch die Art, wie wir trauern und gedenken, ver\u00e4ndert. Immer mehr Menschen nutzen Online-Plattformen, um Erinnerungen zu bewahren und zu teilen. In Zukunft k\u00f6nnten K\u00fcnstliche Intelligenz und virtuelle Gedenkr\u00e4ume neue Wege schaffen, um das Andenken an Verstorbene noch pers\u00f6nlicher und interaktiver zu gestalten. Fazit Digitale Gedenkseiten sind ein einf\u00fchlsames Mittel, um Erinnerungen lebendig zu halten \u2013 auch \u00fcber Jahrzehnte hinweg. Sie erm\u00f6glichen es, das Verm\u00e4chtnis eines geliebten Menschen dauerhaft zu bewahren und die Erinnerung mit anderen zu teilen. In einer zunehmend vernetzten Welt k\u00f6nnen sie Trost spenden und dabei helfen, die Verbindung zu den Verstorbenen aufrechtzuerhalten. Ihr Tributoo Team Download QR code<\/p>","protected":false},"author":7,"featured_media":1919,"comment_status":"open","ping_status":"closed","sticky":false,"template":"","format":"standard","meta":{"footnotes":""},"categories":[1],"tags":[116,120,131,126],"class_list":["post-1917","post","type-post","status-publish","format-standard","has-post-thumbnail","hentry","category-blog","tag-digitale-gedenkseiten","tag-erinnerungen","tag-memorial-page","tag-rituale"],"yoast_head":"<!-- This site is optimized with the Yoast SEO plugin v27.5 - https:\/\/yoast.com\/product\/yoast-seo-wordpress\/ -->\n<title>Erinnerung &quot;damals&quot; und &quot;heute&quot; - Online memorial page<\/title>\n<meta name=\"description\" content=\"Trauer verstehen; Trauer ist eine nat\u00fcrliche und oft schmerzhafte Reaktion auf den Verlust eines geliebten Menschen, einer Beziehung...\" \/>\n<meta name=\"robots\" content=\"index, follow, max-snippet:-1, max-image-preview:large, max-video-preview:-1\" \/>\n<link rel=\"canonical\" href=\"https:\/\/www.tributoo.com\/de\/erinnerung-damals-und-heute\/\" \/>\n<meta property=\"og:locale\" content=\"de_DE\" \/>\n<meta property=\"og:type\" content=\"article\" \/>\n<meta property=\"og:title\" content=\"Erinnerung &quot;damals&quot; und &quot;heute&quot; - Online memorial page\" \/>\n<meta property=\"og:description\" content=\"Trauer verstehen; Trauer ist eine nat\u00fcrliche und oft schmerzhafte Reaktion auf den Verlust eines geliebten Menschen, einer Beziehung...\" \/>\n<meta property=\"og:url\" content=\"https:\/\/www.tributoo.com\/de\/erinnerung-damals-und-heute\/\" \/>\n<meta property=\"og:site_name\" content=\"Online memorial page\" \/>\n<meta property=\"article:publisher\" content=\"https:\/\/www.facebook.com\/tributoo.official\/\" \/>\n<meta property=\"article:published_time\" content=\"2025-03-08T14:03:35+00:00\" \/>\n<meta property=\"article:modified_time\" content=\"2025-04-19T05:55:18+00:00\" \/>\n<meta property=\"og:image\" content=\"https:\/\/www.tributoo.com\/wp-content\/uploads\/2025\/03\/001Di_1920.png\" \/>\n\t<meta property=\"og:image:width\" content=\"1080\" \/>\n\t<meta property=\"og:image:height\" content=\"1920\" \/>\n\t<meta property=\"og:image:type\" content=\"image\/png\" \/>\n<meta name=\"author\" content=\"rene\" \/>\n<meta name=\"twitter:card\" content=\"summary_large_image\" \/>\n<meta name=\"twitter:label1\" content=\"Verfasst von\" \/>\n\t<meta name=\"twitter:data1\" content=\"rene\" \/>\n\t<meta name=\"twitter:label2\" content=\"Gesch\u00e4tzte Lesezeit\" \/>\n\t<meta name=\"twitter:data2\" content=\"4\u00a0Minuten\" \/>\n<script type=\"application\/ld+json\" class=\"yoast-schema-graph\">{\"@context\":\"https:\\\/\\\/schema.org\",\"@graph\":[{\"@type\":\"Article\",\"@id\":\"https:\\\/\\\/www.tributoo.com\\\/erinnerung-damals-und-heute\\\/#article\",\"isPartOf\":{\"@id\":\"https:\\\/\\\/www.tributoo.com\\\/erinnerung-damals-und-heute\\\/\"},\"author\":{\"name\":\"rene\",\"@id\":\"https:\\\/\\\/www.tributoo.com\\\/#\\\/schema\\\/person\\\/25f3ea35c9bccc051151079a65092e87\"},\"headline\":\"Erinnerung &#8220;damals&#8221; und &#8220;heute&#8221;\",\"datePublished\":\"2025-03-08T14:03:35+00:00\",\"dateModified\":\"2025-04-19T05:55:18+00:00\",\"mainEntityOfPage\":{\"@id\":\"https:\\\/\\\/www.tributoo.com\\\/erinnerung-damals-und-heute\\\/\"},\"wordCount\":559,\"commentCount\":6,\"publisher\":{\"@id\":\"https:\\\/\\\/www.tributoo.com\\\/#organization\"},\"image\":{\"@id\":\"https:\\\/\\\/www.tributoo.com\\\/erinnerung-damals-und-heute\\\/#primaryimage\"},\"thumbnailUrl\":\"https:\\\/\\\/www.tributoo.com\\\/wp-content\\\/uploads\\\/2025\\\/03\\\/001Di_1920.png\",\"keywords\":[\"Digitale Gedenkseiten\",\"Erinnerungen\",\"Memorial page\",\"Rituale\"],\"articleSection\":[\"Blog\"],\"inLanguage\":\"de\",\"potentialAction\":[{\"@type\":\"CommentAction\",\"name\":\"Comment\",\"target\":[\"https:\\\/\\\/www.tributoo.com\\\/erinnerung-damals-und-heute\\\/#respond\"]}]},{\"@type\":\"WebPage\",\"@id\":\"https:\\\/\\\/www.tributoo.com\\\/erinnerung-damals-und-heute\\\/\",\"url\":\"https:\\\/\\\/www.tributoo.com\\\/erinnerung-damals-und-heute\\\/\",\"name\":\"Erinnerung \\\"damals\\\" und \\\"heute\\\" - Online memorial page\",\"isPartOf\":{\"@id\":\"https:\\\/\\\/www.tributoo.com\\\/#website\"},\"primaryImageOfPage\":{\"@id\":\"https:\\\/\\\/www.tributoo.com\\\/erinnerung-damals-und-heute\\\/#primaryimage\"},\"image\":{\"@id\":\"https:\\\/\\\/www.tributoo.com\\\/erinnerung-damals-und-heute\\\/#primaryimage\"},\"thumbnailUrl\":\"https:\\\/\\\/www.tributoo.com\\\/wp-content\\\/uploads\\\/2025\\\/03\\\/001Di_1920.png\",\"datePublished\":\"2025-03-08T14:03:35+00:00\",\"dateModified\":\"2025-04-19T05:55:18+00:00\",\"description\":\"Trauer verstehen; Trauer ist eine nat\u00fcrliche und oft schmerzhafte Reaktion auf den Verlust eines geliebten Menschen, einer Beziehung...\",\"breadcrumb\":{\"@id\":\"https:\\\/\\\/www.tributoo.com\\\/erinnerung-damals-und-heute\\\/#breadcrumb\"},\"inLanguage\":\"de\",\"potentialAction\":[{\"@type\":\"ReadAction\",\"target\":[\"https:\\\/\\\/www.tributoo.com\\\/erinnerung-damals-und-heute\\\/\"]}]},{\"@type\":\"ImageObject\",\"inLanguage\":\"de\",\"@id\":\"https:\\\/\\\/www.tributoo.com\\\/erinnerung-damals-und-heute\\\/#primaryimage\",\"url\":\"https:\\\/\\\/www.tributoo.com\\\/wp-content\\\/uploads\\\/2025\\\/03\\\/001Di_1920.png\",\"contentUrl\":\"https:\\\/\\\/www.tributoo.com\\\/wp-content\\\/uploads\\\/2025\\\/03\\\/001Di_1920.png\",\"width\":1080,\"height\":1920,\"caption\":\"001Di 1920\"},{\"@type\":\"BreadcrumbList\",\"@id\":\"https:\\\/\\\/www.tributoo.com\\\/erinnerung-damals-und-heute\\\/#breadcrumb\",\"itemListElement\":[{\"@type\":\"ListItem\",\"position\":1,\"name\":\"Startseite\",\"item\":\"https:\\\/\\\/www.tributoo.com\\\/\"},{\"@type\":\"ListItem\",\"position\":2,\"name\":\"Erinnerung &#8220;damals&#8221; und &#8220;heute&#8221;\"}]},{\"@type\":\"WebSite\",\"@id\":\"https:\\\/\\\/www.tributoo.com\\\/#website\",\"url\":\"https:\\\/\\\/www.tributoo.com\\\/\",\"name\":\"Gedenkseite Online\",\"description\":\"Keeping Memories Alive\",\"publisher\":{\"@id\":\"https:\\\/\\\/www.tributoo.com\\\/#organization\"},\"alternateName\":\"tributoo\",\"potentialAction\":[{\"@type\":\"SearchAction\",\"target\":{\"@type\":\"EntryPoint\",\"urlTemplate\":\"https:\\\/\\\/www.tributoo.com\\\/?s={search_term_string}\"},\"query-input\":{\"@type\":\"PropertyValueSpecification\",\"valueRequired\":true,\"valueName\":\"search_term_string\"}}],\"inLanguage\":\"de\"},{\"@type\":\"Organization\",\"@id\":\"https:\\\/\\\/www.tributoo.com\\\/#organization\",\"name\":\"Tributoo\",\"alternateName\":\"Gedenkseite Online\",\"url\":\"https:\\\/\\\/www.tributoo.com\\\/\",\"logo\":{\"@type\":\"ImageObject\",\"inLanguage\":\"de\",\"@id\":\"https:\\\/\\\/www.tributoo.com\\\/#\\\/schema\\\/logo\\\/image\\\/\",\"url\":\"https:\\\/\\\/www.tributoo.com\\\/wp-content\\\/uploads\\\/2024\\\/11\\\/Tributoo_logo_icon.png\",\"contentUrl\":\"https:\\\/\\\/www.tributoo.com\\\/wp-content\\\/uploads\\\/2024\\\/11\\\/Tributoo_logo_icon.png\",\"width\":360,\"height\":174,\"caption\":\"Tributoo\"},\"image\":{\"@id\":\"https:\\\/\\\/www.tributoo.com\\\/#\\\/schema\\\/logo\\\/image\\\/\"},\"sameAs\":[\"https:\\\/\\\/www.facebook.com\\\/tributoo.official\\\/\"]},{\"@type\":\"Person\",\"@id\":\"https:\\\/\\\/www.tributoo.com\\\/#\\\/schema\\\/person\\\/25f3ea35c9bccc051151079a65092e87\",\"name\":\"rene\",\"image\":{\"@type\":\"ImageObject\",\"inLanguage\":\"de\",\"@id\":\"https:\\\/\\\/secure.gravatar.com\\\/avatar\\\/2b8f7cd8173067d05f9fb4421503cf6e0010bb51dffdc9ba39be52ed945ae7ba?s=96&d=https%3A%2F%2Fui-avatars.com%2Fapi%2Frenerene%2F96%2F3dc1d3%2Ffff%2F1%2F0.4%2F%2F1%2F1&r=g\",\"url\":\"https:\\\/\\\/secure.gravatar.com\\\/avatar\\\/2b8f7cd8173067d05f9fb4421503cf6e0010bb51dffdc9ba39be52ed945ae7ba?s=96&d=https%3A%2F%2Fui-avatars.com%2Fapi%2Frenerene%2F96%2F3dc1d3%2Ffff%2F1%2F0.4%2F%2F1%2F1&r=g\",\"contentUrl\":\"https:\\\/\\\/secure.gravatar.com\\\/avatar\\\/2b8f7cd8173067d05f9fb4421503cf6e0010bb51dffdc9ba39be52ed945ae7ba?s=96&d=https%3A%2F%2Fui-avatars.com%2Fapi%2Frenerene%2F96%2F3dc1d3%2Ffff%2F1%2F0.4%2F%2F1%2F1&r=g\",\"caption\":\"rene\"},\"url\":\"https:\\\/\\\/www.tributoo.com\\\/de\\\/author\\\/rene\\\/\"}]}<\/script>\n<!-- \/ Yoast SEO plugin. -->","yoast_head_json":{"title":"Erinnerung \u201edamals\u201c und \u201eheute\u201c \u2013 Online-Gedenkseite","description":"Trauer verstehen; Trauer ist eine nat\u00fcrliche und oft schmerzhafte Reaktion auf den Verlust eines geliebten Menschen, einer Beziehung...","robots":{"index":"index","follow":"follow","max-snippet":"max-snippet:-1","max-image-preview":"max-image-preview:large","max-video-preview":"max-video-preview:-1"},"canonical":"https:\/\/www.tributoo.com\/de\/erinnerung-damals-und-heute\/","og_locale":"de_DE","og_type":"article","og_title":"Erinnerung \"damals\" und \"heute\" - Online memorial page","og_description":"Trauer verstehen; Trauer ist eine nat\u00fcrliche und oft schmerzhafte Reaktion auf den Verlust eines geliebten Menschen, einer Beziehung...","og_url":"https:\/\/www.tributoo.com\/de\/erinnerung-damals-und-heute\/","og_site_name":"Online memorial page","article_publisher":"https:\/\/www.facebook.com\/tributoo.official\/","article_published_time":"2025-03-08T14:03:35+00:00","article_modified_time":"2025-04-19T05:55:18+00:00","og_image":[{"width":1080,"height":1920,"url":"https:\/\/www.tributoo.com\/wp-content\/uploads\/2025\/03\/001Di_1920.png","type":"image\/png"}],"author":"rene","twitter_card":"summary_large_image","twitter_misc":{"Verfasst von":"rene","Gesch\u00e4tzte Lesezeit":"4\u00a0Minuten"},"schema":{"@context":"https:\/\/schema.org","@graph":[{"@type":"Article","@id":"https:\/\/www.tributoo.com\/erinnerung-damals-und-heute\/#article","isPartOf":{"@id":"https:\/\/www.tributoo.com\/erinnerung-damals-und-heute\/"},"author":{"name":"rene","@id":"https:\/\/www.tributoo.com\/#\/schema\/person\/25f3ea35c9bccc051151079a65092e87"},"headline":"Erinnerung &#8220;damals&#8221; und &#8220;heute&#8221;","datePublished":"2025-03-08T14:03:35+00:00","dateModified":"2025-04-19T05:55:18+00:00","mainEntityOfPage":{"@id":"https:\/\/www.tributoo.com\/erinnerung-damals-und-heute\/"},"wordCount":559,"commentCount":6,"publisher":{"@id":"https:\/\/www.tributoo.com\/#organization"},"image":{"@id":"https:\/\/www.tributoo.com\/erinnerung-damals-und-heute\/#primaryimage"},"thumbnailUrl":"https:\/\/www.tributoo.com\/wp-content\/uploads\/2025\/03\/001Di_1920.png","keywords":["Digitale Gedenkseiten","Erinnerungen","Memorial page","Rituale"],"articleSection":["Blog"],"inLanguage":"de","potentialAction":[{"@type":"CommentAction","name":"Comment","target":["https:\/\/www.tributoo.com\/erinnerung-damals-und-heute\/#respond"]}]},{"@type":"WebPage","@id":"https:\/\/www.tributoo.com\/erinnerung-damals-und-heute\/","url":"https:\/\/www.tributoo.com\/erinnerung-damals-und-heute\/","name":"Erinnerung \u201edamals\u201c und \u201eheute\u201c \u2013 Online-Gedenkseite","isPartOf":{"@id":"https:\/\/www.tributoo.com\/#website"},"primaryImageOfPage":{"@id":"https:\/\/www.tributoo.com\/erinnerung-damals-und-heute\/#primaryimage"},"image":{"@id":"https:\/\/www.tributoo.com\/erinnerung-damals-und-heute\/#primaryimage"},"thumbnailUrl":"https:\/\/www.tributoo.com\/wp-content\/uploads\/2025\/03\/001Di_1920.png","datePublished":"2025-03-08T14:03:35+00:00","dateModified":"2025-04-19T05:55:18+00:00","description":"Trauer verstehen; Trauer ist eine nat\u00fcrliche und oft schmerzhafte Reaktion auf den Verlust eines geliebten Menschen, einer Beziehung...","breadcrumb":{"@id":"https:\/\/www.tributoo.com\/erinnerung-damals-und-heute\/#breadcrumb"},"inLanguage":"de","potentialAction":[{"@type":"ReadAction","target":["https:\/\/www.tributoo.com\/erinnerung-damals-und-heute\/"]}]},{"@type":"ImageObject","inLanguage":"de","@id":"https:\/\/www.tributoo.com\/erinnerung-damals-und-heute\/#primaryimage","url":"https:\/\/www.tributoo.com\/wp-content\/uploads\/2025\/03\/001Di_1920.png","contentUrl":"https:\/\/www.tributoo.com\/wp-content\/uploads\/2025\/03\/001Di_1920.png","width":1080,"height":1920,"caption":"001Di 1920"},{"@type":"BreadcrumbList","@id":"https:\/\/www.tributoo.com\/erinnerung-damals-und-heute\/#breadcrumb","itemListElement":[{"@type":"ListItem","position":1,"name":"Startseite","item":"https:\/\/www.tributoo.com\/"},{"@type":"ListItem","position":2,"name":"Erinnerung &#8220;damals&#8221; und &#8220;heute&#8221;"}]},{"@type":"WebSite","@id":"https:\/\/www.tributoo.com\/#website","url":"https:\/\/www.tributoo.com\/","name":"Gedenkseite Online","description":"Erinnerungen lebendig halten","publisher":{"@id":"https:\/\/www.tributoo.com\/#organization"},"alternateName":"tributoo","potentialAction":[{"@type":"SearchAction","target":{"@type":"EntryPoint","urlTemplate":"https:\/\/www.tributoo.com\/?s={search_term_string}"},"query-input":{"@type":"PropertyValueSpecification","valueRequired":true,"valueName":"search_term_string"}}],"inLanguage":"de"},{"@type":"Organization","@id":"https:\/\/www.tributoo.com\/#organization","name":"Tributoo","alternateName":"Gedenkseite Online","url":"https:\/\/www.tributoo.com\/","logo":{"@type":"ImageObject","inLanguage":"de","@id":"https:\/\/www.tributoo.com\/#\/schema\/logo\/image\/","url":"https:\/\/www.tributoo.com\/wp-content\/uploads\/2024\/11\/Tributoo_logo_icon.png","contentUrl":"https:\/\/www.tributoo.com\/wp-content\/uploads\/2024\/11\/Tributoo_logo_icon.png","width":360,"height":174,"caption":"Tributoo"},"image":{"@id":"https:\/\/www.tributoo.com\/#\/schema\/logo\/image\/"},"sameAs":["https:\/\/www.facebook.com\/tributoo.official\/"]},{"@type":"Person","@id":"https:\/\/www.tributoo.com\/#\/schema\/person\/25f3ea35c9bccc051151079a65092e87","name":"rene","image":{"@type":"ImageObject","inLanguage":"de","@id":"https:\/\/secure.gravatar.com\/avatar\/2b8f7cd8173067d05f9fb4421503cf6e0010bb51dffdc9ba39be52ed945ae7ba?s=96&d=https%3A%2F%2Fui-avatars.com%2Fapi%2Frenerene%2F96%2F3dc1d3%2Ffff%2F1%2F0.4%2F%2F1%2F1&r=g","url":"https:\/\/secure.gravatar.com\/avatar\/2b8f7cd8173067d05f9fb4421503cf6e0010bb51dffdc9ba39be52ed945ae7ba?s=96&d=https%3A%2F%2Fui-avatars.com%2Fapi%2Frenerene%2F96%2F3dc1d3%2Ffff%2F1%2F0.4%2F%2F1%2F1&r=g","contentUrl":"https:\/\/secure.gravatar.com\/avatar\/2b8f7cd8173067d05f9fb4421503cf6e0010bb51dffdc9ba39be52ed945ae7ba?s=96&d=https%3A%2F%2Fui-avatars.com%2Fapi%2Frenerene%2F96%2F3dc1d3%2Ffff%2F1%2F0.4%2F%2F1%2F1&r=g","caption":"rene"},"url":"https:\/\/www.tributoo.com\/de\/author\/rene\/"}]}},"acf":[],"_links":{"self":[{"href":"https:\/\/www.tributoo.com\/de\/wp-json\/wp\/v2\/posts\/1917","targetHints":{"allow":["GET"]}}],"collection":[{"href":"https:\/\/www.tributoo.com\/de\/wp-json\/wp\/v2\/posts"}],"about":[{"href":"https:\/\/www.tributoo.com\/de\/wp-json\/wp\/v2\/types\/post"}],"author":[{"embeddable":true,"href":"https:\/\/www.tributoo.com\/de\/wp-json\/wp\/v2\/users\/7"}],"replies":[{"embeddable":true,"href":"https:\/\/www.tributoo.com\/de\/wp-json\/wp\/v2\/comments?post=1917"}],"version-history":[{"count":3,"href":"https:\/\/www.tributoo.com\/de\/wp-json\/wp\/v2\/posts\/1917\/revisions"}],"predecessor-version":[{"id":1921,"href":"https:\/\/www.tributoo.com\/de\/wp-json\/wp\/v2\/posts\/1917\/revisions\/1921"}],"wp:featuredmedia":[{"embeddable":true,"href":"https:\/\/www.tributoo.com\/de\/wp-json\/wp\/v2\/media\/1919"}],"wp:attachment":[{"href":"https:\/\/www.tributoo.com\/de\/wp-json\/wp\/v2\/media?parent=1917"}],"wp:term":[{"taxonomy":"category","embeddable":true,"href":"https:\/\/www.tributoo.com\/de\/wp-json\/wp\/v2\/categories?post=1917"},{"taxonomy":"post_tag","embeddable":true,"href":"https:\/\/www.tributoo.com\/de\/wp-json\/wp\/v2\/tags?post=1917"}],"curies":[{"name":"wp","href":"https:\/\/api.w.org\/{rel}","templated":true}]}}