{"id":1608,"date":"2025-01-13T19:48:06","date_gmt":"2025-01-13T18:48:06","guid":{"rendered":"https:\/\/www.tributoo.com\/?p=1608"},"modified":"2025-04-19T07:55:18","modified_gmt":"2025-04-19T05:55:18","slug":"gedenkseiten-im-business-alltag","status":"publish","type":"post","link":"https:\/\/www.tributoo.com\/it\/gedenkseiten-im-business-alltag\/","title":{"rendered":"Gedenkseiten im Business-Alltag"},"content":{"rendered":"<h3>F\u00fcr ein wertsch\u00e4tzendes Miteinander im Unternehmen \u2013 Gedenkseiten im Business-Alltag: Ein Ort f\u00fcr Respekt und Zusammenhalt<\/h3>\n<p>Der Verlust eines geliebten Menschen \u2013 sei es ein Kollege, Gesch\u00e4ftspartner oder Teammitglied \u2013 Hinterl\u00e4sst immer eine L\u00fccke, auch im beruflichen Kontext. Tributoo Gedenkseiten im Business-Alltag gewinnen in diesem Zusammenhang an Bedeutung, denn sie bieten eine M\u00f6glichkeit, gemeinsam innezuhalten, zu gedenken und Trost zu spenden.<\/p>\n<p>In einer zunehmend digitalsierten Welt finden auch Themen wie Trauer und Erinnerung ihren Platz in der Gesch\u00e4ftswelt. Gedenkseiten f\u00fcr verstorbene Kolleg:innen oder Gesch\u00e4ftspartner:innen haben sich dabei zu einer wichtigen M\u00f6glichkeit entwickelt, Wertsch\u00e4tzung und Respekt auszudr\u00fccken.<\/p>\n<p>Diese virtualllen Erinnerungsorte bieten Raum f\u00fcr pers\u00f6nliche Worte, geteilte Erinnerungen und Trost \u2013 auch \u00fcber geografische Distanzen hinweg. Sie f\u00f6rdern den Zusammenhalt innerhalb eines Teams und helpen, Verlust gemeinsam zu verarbeiten. Besonders in gro\u00dfen Unternehmen mit vielen Standorten k\u00f6nnen solche Seiten helfen, die menschliche Seite des Gesch\u00e4ftslebens zu wahren.<\/p>\n<p>Gestiti in tutte le attivit\u00e0 aziendali sono pi\u00f9 che altro un simbolo. Sie zeigen, dass wir \u00fcber KPI e scadenze hinausblicken e den Wert von Menschlichkeit e Mitgef\u00fchl anerkennen. Ein kleiner Schritt, der Gro\u00dfes bewirken kann.<br \/>\nWie wird in Ihrem Unternehmen mit dem Thema Trauer umgegangen? Teilen Sie gerne Ihre Gedanken dazu.<\/p>\n<p><strong>Eine wertvolle Geste in herausfordernden Zeiten<\/strong><\/p>\n<p>Il tuo team Tributoo<\/p>\n<div style=\"margin: 20px 0;\"><div class=\"qrcswholewtapper\" style=\"text-align:left;\"><div class=\"qrcprowrapper\"  id=\"qrcwraa2leds\"><div class=\"qrc_canvass\" id=\"qrc_cuttenpages_2\" style=\"display:inline-block\" data-text=\"https:\/\/www.tributoo.com\/it\/gedenkseiten-im-business-alltag\/\"><\/div><div><a download=\"Gedenkseiten im Business-Alltag.png\" class=\"qrcdownloads\" id=\"worign\">\r\n           <button type=\"button\" style=\"min-width:220px;background:#dd9933;color:#ffffff;font-weight: 600;border: 1px solid #dd9933;border-radius:5px;font-size:12px;padding: 6px 0;\" class=\"uqr_code_btn\">Scarica il codice QR<\/button>\r\n           <\/a><\/div><\/div><\/div><\/div>","protected":false},"excerpt":{"rendered":"<p>F\u00fcr ein wertsch\u00e4tzendes Miteinander im Unternehmen &#8211; Gedenkseiten im Business-Alltag: Ein Ort f\u00fcr Respekt und Zusammenhalt Der Verlust eines geliebten Menschen \u2013 sei es ein Kollege, Gesch\u00e4ftspartner oder Teammitglied \u2013 hinterl\u00e4sst immer eine L\u00fccke, auch im beruflichen Kontext. Tributoo Gedenkseiten im Business-Alltag gewinnen in diesem Zusammenhang an Bedeutung, denn sie bieten eine M\u00f6glichkeit, gemeinsam innezuhalten, zu gedenken und Trost zu spenden. In einer zunehmend digitalisierten Welt finden auch Themen wie Trauer und Erinnerung ihren Platz in der Gesch\u00e4ftswelt. Gedenkseiten f\u00fcr verstorbene Kolleg:innen oder Gesch\u00e4ftspartner:innen haben sich dabei zu einer wichtigen M\u00f6glichkeit entwickelt, Wertsch\u00e4tzung und Respekt auszudr\u00fccken. Diese virtuellen Erinnerungsorte bieten Raum f\u00fcr pers\u00f6nliche Worte, geteilte Erinnerungen und Trost \u2013 auch \u00fcber geografische Distanzen hinweg. Sie f\u00f6rdern den Zusammenhalt innerhalb eines Teams und helfen, Verlust gemeinsam zu verarbeiten. Besonders in gro\u00dfen Unternehmen mit vielen Standorten k\u00f6nnen solche Seiten helfen, die menschliche Seite des Gesch\u00e4ftslebens zu wahren. Gedenkseiten im Business-Alltag sind mehr als nur ein Symbol. Sie zeigen, dass wir \u00fcber KPI und Deadlines hinausblicken und den Wert von Menschlichkeit und Mitgef\u00fchl anerkennen. Ein kleiner Schritt, der Gro\u00dfes bewirken kann. Wie wird in Ihrem Unternehmen mit dem Thema Trauer umgegangen? Teilen Sie gerne Ihre Gedanken dazu. Eine wertvolle Geste in herausfordernden Zeiten Ihr Tributoo Team Download QR code<\/p>","protected":false},"author":1,"featured_media":1612,"comment_status":"open","ping_status":"closed","sticky":false,"template":"","format":"standard","meta":{"footnotes":""},"categories":[1],"tags":[117,118],"class_list":["post-1608","post","type-post","status-publish","format-standard","has-post-thumbnail","hentry","category-blog","tag-gedenkseiten-im-business-alltag","tag-memorial-pages"],"yoast_head":"<!-- This site is optimized with the Yoast SEO plugin v27.5 - https:\/\/yoast.com\/product\/yoast-seo-wordpress\/ -->\n<title>Gedenkseiten im Business-Alltag - Online memorial page<\/title>\n<meta name=\"description\" content=\"Gedenkseiten im Business-Alltag; F\u00fcr ein wertsch\u00e4tzendes Miteinander im Unternehmen - Gedenkseiten im Business-Alltag...\" \/>\n<meta name=\"robots\" content=\"index, follow, max-snippet:-1, max-image-preview:large, max-video-preview:-1\" \/>\n<link rel=\"canonical\" href=\"https:\/\/www.tributoo.com\/it\/gedenkseiten-im-business-alltag\/\" \/>\n<meta property=\"og:locale\" content=\"it_IT\" \/>\n<meta property=\"og:type\" content=\"article\" \/>\n<meta property=\"og:title\" content=\"Gedenkseiten im Business-Alltag - Online memorial page\" \/>\n<meta property=\"og:description\" content=\"Gedenkseiten im Business-Alltag; F\u00fcr ein wertsch\u00e4tzendes Miteinander im Unternehmen - Gedenkseiten im Business-Alltag...\" \/>\n<meta property=\"og:url\" content=\"https:\/\/www.tributoo.com\/it\/gedenkseiten-im-business-alltag\/\" \/>\n<meta property=\"og:site_name\" content=\"Online memorial page\" \/>\n<meta property=\"article:publisher\" content=\"https:\/\/www.facebook.com\/tributoo.official\/\" \/>\n<meta property=\"article:published_time\" content=\"2025-01-13T18:48:06+00:00\" \/>\n<meta property=\"article:modified_time\" content=\"2025-04-19T05:55:18+00:00\" \/>\n<meta property=\"og:image\" content=\"https:\/\/www.tributoo.com\/wp-content\/uploads\/2025\/01\/Gedenkseiten-im-Business-Alltag.jpg\" \/>\n\t<meta property=\"og:image:width\" content=\"1600\" \/>\n\t<meta property=\"og:image:height\" content=\"1051\" \/>\n\t<meta property=\"og:image:type\" content=\"image\/jpeg\" \/>\n<meta name=\"author\" content=\"Peter Meier\" \/>\n<meta name=\"twitter:card\" content=\"summary_large_image\" \/>\n<meta name=\"twitter:label1\" content=\"Scritto da\" \/>\n\t<meta name=\"twitter:data1\" content=\"Peter Meier\" \/>\n\t<meta name=\"twitter:label2\" content=\"Tempo di lettura stimato\" \/>\n\t<meta name=\"twitter:data2\" content=\"2 minuti\" \/>\n<script type=\"application\/ld+json\" class=\"yoast-schema-graph\">{\"@context\":\"https:\\\/\\\/schema.org\",\"@graph\":[{\"@type\":\"Article\",\"@id\":\"https:\\\/\\\/www.tributoo.com\\\/gedenkseiten-im-business-alltag\\\/#article\",\"isPartOf\":{\"@id\":\"https:\\\/\\\/www.tributoo.com\\\/gedenkseiten-im-business-alltag\\\/\"},\"author\":{\"name\":\"Peter Meier\",\"@id\":\"https:\\\/\\\/www.tributoo.com\\\/#\\\/schema\\\/person\\\/c25085d6428414c70f4fce91bf874293\"},\"headline\":\"Gedenkseiten im Business-Alltag\",\"datePublished\":\"2025-01-13T18:48:06+00:00\",\"dateModified\":\"2025-04-19T05:55:18+00:00\",\"mainEntityOfPage\":{\"@id\":\"https:\\\/\\\/www.tributoo.com\\\/gedenkseiten-im-business-alltag\\\/\"},\"wordCount\":226,\"commentCount\":6,\"publisher\":{\"@id\":\"https:\\\/\\\/www.tributoo.com\\\/#organization\"},\"image\":{\"@id\":\"https:\\\/\\\/www.tributoo.com\\\/gedenkseiten-im-business-alltag\\\/#primaryimage\"},\"thumbnailUrl\":\"https:\\\/\\\/www.tributoo.com\\\/wp-content\\\/uploads\\\/2025\\\/01\\\/Gedenkseiten-im-Business-Alltag.jpg\",\"keywords\":[\"Gedenkseiten im Business-Alltag\",\"Memorial pages\"],\"articleSection\":[\"Blog\"],\"inLanguage\":\"it-IT\",\"potentialAction\":[{\"@type\":\"CommentAction\",\"name\":\"Comment\",\"target\":[\"https:\\\/\\\/www.tributoo.com\\\/gedenkseiten-im-business-alltag\\\/#respond\"]}]},{\"@type\":\"WebPage\",\"@id\":\"https:\\\/\\\/www.tributoo.com\\\/gedenkseiten-im-business-alltag\\\/\",\"url\":\"https:\\\/\\\/www.tributoo.com\\\/gedenkseiten-im-business-alltag\\\/\",\"name\":\"Gedenkseiten im Business-Alltag - Online memorial page\",\"isPartOf\":{\"@id\":\"https:\\\/\\\/www.tributoo.com\\\/#website\"},\"primaryImageOfPage\":{\"@id\":\"https:\\\/\\\/www.tributoo.com\\\/gedenkseiten-im-business-alltag\\\/#primaryimage\"},\"image\":{\"@id\":\"https:\\\/\\\/www.tributoo.com\\\/gedenkseiten-im-business-alltag\\\/#primaryimage\"},\"thumbnailUrl\":\"https:\\\/\\\/www.tributoo.com\\\/wp-content\\\/uploads\\\/2025\\\/01\\\/Gedenkseiten-im-Business-Alltag.jpg\",\"datePublished\":\"2025-01-13T18:48:06+00:00\",\"dateModified\":\"2025-04-19T05:55:18+00:00\",\"description\":\"Gedenkseiten im Business-Alltag; F\u00fcr ein wertsch\u00e4tzendes Miteinander im Unternehmen - Gedenkseiten im Business-Alltag...\",\"breadcrumb\":{\"@id\":\"https:\\\/\\\/www.tributoo.com\\\/gedenkseiten-im-business-alltag\\\/#breadcrumb\"},\"inLanguage\":\"it-IT\",\"potentialAction\":[{\"@type\":\"ReadAction\",\"target\":[\"https:\\\/\\\/www.tributoo.com\\\/gedenkseiten-im-business-alltag\\\/\"]}]},{\"@type\":\"ImageObject\",\"inLanguage\":\"it-IT\",\"@id\":\"https:\\\/\\\/www.tributoo.com\\\/gedenkseiten-im-business-alltag\\\/#primaryimage\",\"url\":\"https:\\\/\\\/www.tributoo.com\\\/wp-content\\\/uploads\\\/2025\\\/01\\\/Gedenkseiten-im-Business-Alltag.jpg\",\"contentUrl\":\"https:\\\/\\\/www.tributoo.com\\\/wp-content\\\/uploads\\\/2025\\\/01\\\/Gedenkseiten-im-Business-Alltag.jpg\",\"width\":1600,\"height\":1051,\"caption\":\"Gedenkseiten im Business Alltag\"},{\"@type\":\"BreadcrumbList\",\"@id\":\"https:\\\/\\\/www.tributoo.com\\\/gedenkseiten-im-business-alltag\\\/#breadcrumb\",\"itemListElement\":[{\"@type\":\"ListItem\",\"position\":1,\"name\":\"Startseite\",\"item\":\"https:\\\/\\\/www.tributoo.com\\\/\"},{\"@type\":\"ListItem\",\"position\":2,\"name\":\"Gedenkseiten im Business-Alltag\"}]},{\"@type\":\"WebSite\",\"@id\":\"https:\\\/\\\/www.tributoo.com\\\/#website\",\"url\":\"https:\\\/\\\/www.tributoo.com\\\/\",\"name\":\"Gedenkseite Online\",\"description\":\"Keeping Memories Alive\",\"publisher\":{\"@id\":\"https:\\\/\\\/www.tributoo.com\\\/#organization\"},\"alternateName\":\"tributoo\",\"potentialAction\":[{\"@type\":\"SearchAction\",\"target\":{\"@type\":\"EntryPoint\",\"urlTemplate\":\"https:\\\/\\\/www.tributoo.com\\\/?s={search_term_string}\"},\"query-input\":{\"@type\":\"PropertyValueSpecification\",\"valueRequired\":true,\"valueName\":\"search_term_string\"}}],\"inLanguage\":\"it-IT\"},{\"@type\":\"Organization\",\"@id\":\"https:\\\/\\\/www.tributoo.com\\\/#organization\",\"name\":\"Tributoo\",\"alternateName\":\"Gedenkseite Online\",\"url\":\"https:\\\/\\\/www.tributoo.com\\\/\",\"logo\":{\"@type\":\"ImageObject\",\"inLanguage\":\"it-IT\",\"@id\":\"https:\\\/\\\/www.tributoo.com\\\/#\\\/schema\\\/logo\\\/image\\\/\",\"url\":\"https:\\\/\\\/www.tributoo.com\\\/wp-content\\\/uploads\\\/2024\\\/11\\\/Tributoo_logo_icon.png\",\"contentUrl\":\"https:\\\/\\\/www.tributoo.com\\\/wp-content\\\/uploads\\\/2024\\\/11\\\/Tributoo_logo_icon.png\",\"width\":360,\"height\":174,\"caption\":\"Tributoo\"},\"image\":{\"@id\":\"https:\\\/\\\/www.tributoo.com\\\/#\\\/schema\\\/logo\\\/image\\\/\"},\"sameAs\":[\"https:\\\/\\\/www.facebook.com\\\/tributoo.official\\\/\"]},{\"@type\":\"Person\",\"@id\":\"https:\\\/\\\/www.tributoo.com\\\/#\\\/schema\\\/person\\\/c25085d6428414c70f4fce91bf874293\",\"name\":\"Peter Meier\",\"image\":{\"@type\":\"ImageObject\",\"inLanguage\":\"it-IT\",\"@id\":\"https:\\\/\\\/secure.gravatar.com\\\/avatar\\\/bc5f857206827234698bf6d1a5ad83cc6e1d7fff9711cdeec1b83d92c4f4c1b0?s=96&d=https%3A%2F%2Fui-avatars.com%2Fapi%2FPeter%20Meierimatrix%2F96%2Ff5cd79%2Ffff%2F1%2F0.4%2F%2F1%2F1&r=g\",\"url\":\"https:\\\/\\\/secure.gravatar.com\\\/avatar\\\/bc5f857206827234698bf6d1a5ad83cc6e1d7fff9711cdeec1b83d92c4f4c1b0?s=96&d=https%3A%2F%2Fui-avatars.com%2Fapi%2FPeter%20Meierimatrix%2F96%2Ff5cd79%2Ffff%2F1%2F0.4%2F%2F1%2F1&r=g\",\"contentUrl\":\"https:\\\/\\\/secure.gravatar.com\\\/avatar\\\/bc5f857206827234698bf6d1a5ad83cc6e1d7fff9711cdeec1b83d92c4f4c1b0?s=96&d=https%3A%2F%2Fui-avatars.com%2Fapi%2FPeter%20Meierimatrix%2F96%2Ff5cd79%2Ffff%2F1%2F0.4%2F%2F1%2F1&r=g\",\"caption\":\"Peter Meier\"},\"sameAs\":[\"https:\\\/\\\/www.tributoo.com\"],\"url\":\"https:\\\/\\\/www.tributoo.com\\\/it\\\/author\\\/imatrix\\\/\"}]}<\/script>\n<!-- \/ Yoast SEO plugin. -->","yoast_head_json":{"title":"Gedenkseiten im Business-Alltag - Pagina commemorativa online","description":"Gedenkseiten im Business-Alltag; F\u00fcr ein wertsch\u00e4tzendes Miteinander im Unternehmen - Gedenkseiten im Business-Alltag...","robots":{"index":"index","follow":"follow","max-snippet":"max-snippet:-1","max-image-preview":"max-image-preview:large","max-video-preview":"max-video-preview:-1"},"canonical":"https:\/\/www.tributoo.com\/it\/gedenkseiten-im-business-alltag\/","og_locale":"it_IT","og_type":"article","og_title":"Gedenkseiten im Business-Alltag - Online memorial page","og_description":"Gedenkseiten im Business-Alltag; F\u00fcr ein wertsch\u00e4tzendes Miteinander im Unternehmen - Gedenkseiten im Business-Alltag...","og_url":"https:\/\/www.tributoo.com\/it\/gedenkseiten-im-business-alltag\/","og_site_name":"Online memorial page","article_publisher":"https:\/\/www.facebook.com\/tributoo.official\/","article_published_time":"2025-01-13T18:48:06+00:00","article_modified_time":"2025-04-19T05:55:18+00:00","og_image":[{"width":1600,"height":1051,"url":"https:\/\/www.tributoo.com\/wp-content\/uploads\/2025\/01\/Gedenkseiten-im-Business-Alltag.jpg","type":"image\/jpeg"}],"author":"Peter Meier","twitter_card":"summary_large_image","twitter_misc":{"Scritto da":"Peter Meier","Tempo di lettura stimato":"2 minuti"},"schema":{"@context":"https:\/\/schema.org","@graph":[{"@type":"Article","@id":"https:\/\/www.tributoo.com\/gedenkseiten-im-business-alltag\/#article","isPartOf":{"@id":"https:\/\/www.tributoo.com\/gedenkseiten-im-business-alltag\/"},"author":{"name":"Peter Meier","@id":"https:\/\/www.tributoo.com\/#\/schema\/person\/c25085d6428414c70f4fce91bf874293"},"headline":"Gedenkseiten im Business-Alltag","datePublished":"2025-01-13T18:48:06+00:00","dateModified":"2025-04-19T05:55:18+00:00","mainEntityOfPage":{"@id":"https:\/\/www.tributoo.com\/gedenkseiten-im-business-alltag\/"},"wordCount":226,"commentCount":6,"publisher":{"@id":"https:\/\/www.tributoo.com\/#organization"},"image":{"@id":"https:\/\/www.tributoo.com\/gedenkseiten-im-business-alltag\/#primaryimage"},"thumbnailUrl":"https:\/\/www.tributoo.com\/wp-content\/uploads\/2025\/01\/Gedenkseiten-im-Business-Alltag.jpg","keywords":["Gedenkseiten im Business-Alltag","Memorial pages"],"articleSection":["Blog"],"inLanguage":"it-IT","potentialAction":[{"@type":"CommentAction","name":"Comment","target":["https:\/\/www.tributoo.com\/gedenkseiten-im-business-alltag\/#respond"]}]},{"@type":"WebPage","@id":"https:\/\/www.tributoo.com\/gedenkseiten-im-business-alltag\/","url":"https:\/\/www.tributoo.com\/gedenkseiten-im-business-alltag\/","name":"Gedenkseiten im Business-Alltag - Pagina commemorativa online","isPartOf":{"@id":"https:\/\/www.tributoo.com\/#website"},"primaryImageOfPage":{"@id":"https:\/\/www.tributoo.com\/gedenkseiten-im-business-alltag\/#primaryimage"},"image":{"@id":"https:\/\/www.tributoo.com\/gedenkseiten-im-business-alltag\/#primaryimage"},"thumbnailUrl":"https:\/\/www.tributoo.com\/wp-content\/uploads\/2025\/01\/Gedenkseiten-im-Business-Alltag.jpg","datePublished":"2025-01-13T18:48:06+00:00","dateModified":"2025-04-19T05:55:18+00:00","description":"Gedenkseiten im Business-Alltag; F\u00fcr ein wertsch\u00e4tzendes Miteinander im Unternehmen - Gedenkseiten im Business-Alltag...","breadcrumb":{"@id":"https:\/\/www.tributoo.com\/gedenkseiten-im-business-alltag\/#breadcrumb"},"inLanguage":"it-IT","potentialAction":[{"@type":"ReadAction","target":["https:\/\/www.tributoo.com\/gedenkseiten-im-business-alltag\/"]}]},{"@type":"ImageObject","inLanguage":"it-IT","@id":"https:\/\/www.tributoo.com\/gedenkseiten-im-business-alltag\/#primaryimage","url":"https:\/\/www.tributoo.com\/wp-content\/uploads\/2025\/01\/Gedenkseiten-im-Business-Alltag.jpg","contentUrl":"https:\/\/www.tributoo.com\/wp-content\/uploads\/2025\/01\/Gedenkseiten-im-Business-Alltag.jpg","width":1600,"height":1051,"caption":"Gedenkseiten im Business Alltag"},{"@type":"BreadcrumbList","@id":"https:\/\/www.tributoo.com\/gedenkseiten-im-business-alltag\/#breadcrumb","itemListElement":[{"@type":"ListItem","position":1,"name":"Startseite","item":"https:\/\/www.tributoo.com\/"},{"@type":"ListItem","position":2,"name":"Gedenkseiten im Business-Alltag"}]},{"@type":"WebSite","@id":"https:\/\/www.tributoo.com\/#website","url":"https:\/\/www.tributoo.com\/","name":"Pagina principale online","description":"Mantenere vivi i ricordi","publisher":{"@id":"https:\/\/www.tributoo.com\/#organization"},"alternateName":"tributoo","potentialAction":[{"@type":"SearchAction","target":{"@type":"EntryPoint","urlTemplate":"https:\/\/www.tributoo.com\/?s={search_term_string}"},"query-input":{"@type":"PropertyValueSpecification","valueRequired":true,"valueName":"search_term_string"}}],"inLanguage":"it-IT"},{"@type":"Organization","@id":"https:\/\/www.tributoo.com\/#organization","name":"Tributoo","alternateName":"Gedenkseite Online","url":"https:\/\/www.tributoo.com\/","logo":{"@type":"ImageObject","inLanguage":"it-IT","@id":"https:\/\/www.tributoo.com\/#\/schema\/logo\/image\/","url":"https:\/\/www.tributoo.com\/wp-content\/uploads\/2024\/11\/Tributoo_logo_icon.png","contentUrl":"https:\/\/www.tributoo.com\/wp-content\/uploads\/2024\/11\/Tributoo_logo_icon.png","width":360,"height":174,"caption":"Tributoo"},"image":{"@id":"https:\/\/www.tributoo.com\/#\/schema\/logo\/image\/"},"sameAs":["https:\/\/www.facebook.com\/tributoo.official\/"]},{"@type":"Person","@id":"https:\/\/www.tributoo.com\/#\/schema\/person\/c25085d6428414c70f4fce91bf874293","name":"Pietro Meier","image":{"@type":"ImageObject","inLanguage":"it-IT","@id":"https:\/\/secure.gravatar.com\/avatar\/bc5f857206827234698bf6d1a5ad83cc6e1d7fff9711cdeec1b83d92c4f4c1b0?s=96&d=https%3A%2F%2Fui-avatars.com%2Fapi%2FPeter%20Meierimatrix%2F96%2Ff5cd79%2Ffff%2F1%2F0.4%2F%2F1%2F1&r=g","url":"https:\/\/secure.gravatar.com\/avatar\/bc5f857206827234698bf6d1a5ad83cc6e1d7fff9711cdeec1b83d92c4f4c1b0?s=96&d=https%3A%2F%2Fui-avatars.com%2Fapi%2FPeter%20Meierimatrix%2F96%2Ff5cd79%2Ffff%2F1%2F0.4%2F%2F1%2F1&r=g","contentUrl":"https:\/\/secure.gravatar.com\/avatar\/bc5f857206827234698bf6d1a5ad83cc6e1d7fff9711cdeec1b83d92c4f4c1b0?s=96&d=https%3A%2F%2Fui-avatars.com%2Fapi%2FPeter%20Meierimatrix%2F96%2Ff5cd79%2Ffff%2F1%2F0.4%2F%2F1%2F1&r=g","caption":"Peter Meier"},"sameAs":["https:\/\/www.tributoo.com"],"url":"https:\/\/www.tributoo.com\/it\/author\/imatrix\/"}]}},"acf":[],"_links":{"self":[{"href":"https:\/\/www.tributoo.com\/it\/wp-json\/wp\/v2\/posts\/1608","targetHints":{"allow":["GET"]}}],"collection":[{"href":"https:\/\/www.tributoo.com\/it\/wp-json\/wp\/v2\/posts"}],"about":[{"href":"https:\/\/www.tributoo.com\/it\/wp-json\/wp\/v2\/types\/post"}],"author":[{"embeddable":true,"href":"https:\/\/www.tributoo.com\/it\/wp-json\/wp\/v2\/users\/1"}],"replies":[{"embeddable":true,"href":"https:\/\/www.tributoo.com\/it\/wp-json\/wp\/v2\/comments?post=1608"}],"version-history":[{"count":1,"href":"https:\/\/www.tributoo.com\/it\/wp-json\/wp\/v2\/posts\/1608\/revisions"}],"predecessor-version":[{"id":1609,"href":"https:\/\/www.tributoo.com\/it\/wp-json\/wp\/v2\/posts\/1608\/revisions\/1609"}],"wp:featuredmedia":[{"embeddable":true,"href":"https:\/\/www.tributoo.com\/it\/wp-json\/wp\/v2\/media\/1612"}],"wp:attachment":[{"href":"https:\/\/www.tributoo.com\/it\/wp-json\/wp\/v2\/media?parent=1608"}],"wp:term":[{"taxonomy":"category","embeddable":true,"href":"https:\/\/www.tributoo.com\/it\/wp-json\/wp\/v2\/categories?post=1608"},{"taxonomy":"post_tag","embeddable":true,"href":"https:\/\/www.tributoo.com\/it\/wp-json\/wp\/v2\/tags?post=1608"}],"curies":[{"name":"parola chiave","href":"https:\/\/api.w.org\/{rel}","templated":true}]}}