{"id":4622,"date":"2025-06-25T13:22:20","date_gmt":"2025-06-25T11:22:20","guid":{"rendered":"https:\/\/www.tributoo.com\/?p=4622"},"modified":"2025-06-25T13:22:59","modified_gmt":"2025-06-25T11:22:59","slug":"gedenkseiten-im-business-alltag-3","status":"publish","type":"post","link":"https:\/\/www.tributoo.com\/it\/gedenkseiten-im-business-alltag-3\/","title":{"rendered":"Erweiterter Mitarbeitenden-Lebenszyklus \u2013 Trauerkultur im Unternehmen"},"content":{"rendered":"<h3><strong>Erweiterter Mitarbeitenden-Lebenszyklus \u2013 Trauerkultur im Unternehmen st\u00e4rken<\/strong><\/h3>\n<h3>Erweitern Sie Ihren Mitarbeitenden-Lebenszyklus mit Erinnerung und Wertsch\u00e4tzung f\u00fcr verstorbene Kolleginnen und Kollegen:<\/h3>\n<p>&nbsp;<\/p>\n<h3><strong>Der Mitarbeitenden-Lebenszyklus im HR endet oft mit dem Austritt \u2013 aber hier Beginnt er erst richtig.<\/strong><\/h3>\n<p>Als HR-Verantwortliche tragen wir nicht nur organisatorische, sondern auch menschliche Verantwortung. Quando un collegio si riunisce, \u00e8 pi\u00f9 che un &quot;austriaco&quot; \u2013 \u00e8 un team emozionale, culturale e universale. Das ist keine &quot;weiche&quot; Komponente \u2013 es ist gelebte Unternehmenskultur und echte F\u00fcrsorge.<\/p>\n<h3><strong>1. Personalbedarfsermittlung \/ Unternehmens Zukunftssicherung<\/strong><\/h3>\n<ul>\n<li>Strategische Weitsicht; Planung, Verantwortung, F\u00fcrsorge<\/li>\n<li>Pianificazione delle risorse e delle competenze<\/li>\n<\/ul>\n<h3><strong>2. Personalgewinnung \/ Talentverbindung<\/strong><\/h3>\n<ul>\n<li>Emotional und kulturelle Verbindung zwischen Talenten und Unternehmen<\/li>\n<li>Rekrutierung, Auswahl, Einstellung<\/li>\n<\/ul>\n<h3><strong>3. OnBoarding \/ Ankommensfreude<\/strong><\/h3>\n<ul>\n<li>Willkommenheissen, Start einer neuen Reise<\/li>\n<li>Einarbeitung, Integrazione, kulturelle Eingliederung<\/li>\n<\/ul>\n<h3><strong>4. Besch\u00e4ftigung und Entwicklung \/ Wachstumsreise<\/strong><\/h3>\n<ul>\n<li>Entwicklung personale e berufliche<\/li>\n<li>Laufbahn, Weiterbildung, Motivazione, Bindung<\/li>\n<\/ul>\n<h3><strong>5. Austritt, Trennung, Tod \/ Abschiedsmoment<\/strong><\/h3>\n<ul>\n<li>Loslassen; W\u00fcrdigung und Wertsch\u00e4tzung<\/li>\n<li>K\u00fcndigung, Ruhestand, Tod<\/li>\n<\/ul>\n<p>&nbsp;<\/p>\n<h3><strong>In vielen HR-Modellen endet der Mitarbeitenden-Lebenszyklus mit K\u00fcndigung oder Ruhestand. Aber was passiert, wenn jemand stirbt?<\/strong><\/h3>\n<h3><strong>Ein erweiterter HR-Lebenszyklus umfasst deshalb auch:<\/strong><\/h3>\n<p><strong>\u00a0<\/strong><\/p>\n<h3><strong>6. Nachsorge im Todesfall \/ W\u00fcrdiges Erinnern<\/strong><\/h3>\n<ul>\n<li>Mitgef\u00fchl, Respekt und Verantwortung<\/li>\n<li>Abwicklung amministrativo<\/li>\n<li>tirocinante ed esterno di comunicazione<\/li>\n<li>Kontakt zu Angeh\u00f6rigen<\/li>\n<li>Organizzazione von Teilnahme an Beerdigung (wenn gew\u00fcnscht)<\/li>\n<\/ul>\n<h3><strong>7. Trauerphase im Unternehmen \/ Gemeinsam Erinnern<\/strong><\/h3>\n<ul>\n<li>Emozioni collettive e Zusammenhalt<\/li>\n<li>Raum f\u00fcr Trauer im Team (z. B. Gespr\u00e4che, psychologische Unterst\u00fctzung)<\/li>\n<li>Opzionale: Trauerbegleitung durch HR oder externe Fachpersonen<\/li>\n<li>Sensibler Umgang mit Nachbesetzung der Stelle<\/li>\n<\/ul>\n<h3><strong>8. Gedenken und Wertsch\u00e4tzung \/ Dankbarkeit<\/strong><\/h3>\n<ul>\n<li>Gemeinsames Gedenken (z. B. Kondolenzbuch, Gedenkminute, interne Mitteilung) \u2013 digitale Gedenkseite<\/li>\n<li>Erinnerungskultur f\u00f6rdern, falls passend zur Unternehmenskultur<\/li>\n<li>Anerkennung der Leistungen der verstorbenen Person<\/li>\n<\/ul>\n<p>&nbsp;<\/p>\n<p>Als HR-Verantwortliche tragen wir nicht nur organisatorische, sondern auch menschliche Verantwortung. Quando un collegio si riunisce, \u00e8 pi\u00f9 che un &quot;austriaco&quot; \u2013 \u00e8 un team emozionale, culturale e universale. Das ist keine &quot;weiche&quot; Komponente \u2013 es ist gelebte Unternehmenskultur und echte F\u00fcrsorge.<\/p>\n<ul>\n<li>\n<h3>Wie geht Ihr mit Trauer in Eurem Unternehmen um ?<\/h3>\n<\/li>\n<li>\n<h3>Gibt es Raum f\u00fcr Erinnerung und Anteilnahme?<\/h3>\n<\/li>\n<li>\n<h3>Hai usato strumenti o rituali, die den Zusammenhalt st\u00e4rken?<\/h3>\n<\/li>\n<\/ul>\n<p><strong>Tributoo<\/strong> unterst\u00fctzt Sie gern dabei, diesen sensiblen Bereich achtsam und wirkungsvoll zu gestalten.<\/p>\n<h3><strong>Il tuo team Tributoo<\/strong><\/h3>\n<p>&nbsp;<\/p>\n<div style=\"margin: 20px 0;\"><div class=\"qrcswholewtapper\" style=\"text-align:left;\"><div class=\"qrcprowrapper\"  id=\"qrcwraa2leds\"><div class=\"qrc_canvass\" id=\"qrc_cuttenpages_2\" style=\"display:inline-block\" data-text=\"https:\/\/www.tributoo.com\/it\/gedenkseiten-im-business-alltag-3\/\"><\/div><div><a download=\"Erweiterter Mitarbeitenden-Lebenszyklus &#8211; Trauerkultur im Unternehmen.png\" class=\"qrcdownloads\" id=\"worign\">\r\n           <button type=\"button\" style=\"min-width:220px;background:#dd9933;color:#ffffff;font-weight: 600;border: 1px solid #dd9933;border-radius:5px;font-size:12px;padding: 6px 0;\" class=\"uqr_code_btn\">Scarica il codice QR<\/button>\r\n           <\/a><\/div><\/div><\/div><\/div>","protected":false},"excerpt":{"rendered":"<p>Erweiterter Mitarbeitenden-Lebenszyklus &#8211; Trauerkultur im Unternehmen st\u00e4rken Erweitern Sie Ihren Mitarbeitenden-Lebenszyklus mit Erinnerung und Wertsch\u00e4tzung f\u00fcr verstorbene Kolleginnen und Kollegen: &nbsp; Der Mitarbeitenden-Lebenszyklus im HR endet oft mit dem Austritt \u2013 aber hier beginnt er erst richtig. Als HR-Verantwortliche tragen wir nicht nur organisatorische, sondern auch menschliche Verantwortung. Wenn eine Kollegin verstirbt, ist das mehr als ein \u201eAustritt\u201c \u2013 es betrifft Teams emotional, kulturell und zwischenmenschlich. Das ist keine \u201eweiche\u201c Komponente \u2013 es ist gelebte Unternehmenskultur und echte F\u00fcrsorge. 1. Personalbedarfsermittlung \/ Unternehmens Zukunftssicherung Strategische Weitsicht; Planung, Verantwortung, F\u00fcrsorge Planung von Ressourcen und Kompetenzen 2. Personalgewinnung \/ Talentverbindung emotionale und kulturelle Verbindung zwischen Talenten und Unternehmen Rekrutierung, Auswahl, Einstellung 3. OnBoarding \/ Ankommensfreude Willkommenheissen, Start einer neuen Reise Einarbeitung, Integration, kulturelle Eingliederung 4. Besch\u00e4ftigung und Entwicklung \/ Wachstumsreise pers\u00f6nliche und berufliche Entwicklung Laufbahn, Weiterbildung, Motivation, Bindung 5. Austritt, Trennung, Tod \/ Abschiedsmoment Loslassen; W\u00fcrdigung und Wertsch\u00e4tzung K\u00fcndigung, Ruhestand, Tod &nbsp; In vielen HR-Modellen endet der Mitarbeitenden-Lebenszyklus mit K\u00fcndigung oder Ruhestand. Aber was passiert, wenn jemand stirbt? Ein erweiterter HR-Lebenszyklus umfasst deshalb auch: \u00a0 6. Nachsorge im Todesfall \/ W\u00fcrdiges Erinnern Mitgef\u00fchl, Respekt und Verantwortung Administrative Abwicklung Kommunikation intern &amp; extern Kontakt zu Angeh\u00f6rigen Organisation von Teilnahme an Beerdigung (wenn gew\u00fcnscht) 7. Trauerphase im Unternehmen \/ Gemeinsam Erinnern Kollektive Emotionen und Zusammenhalt Raum f\u00fcr Trauer im Team (z.\u202fB. Gespr\u00e4che, psychologische Unterst\u00fctzung) Optional: Trauerbegleitung durch HR oder externe Fachpersonen Sensibler Umgang mit Nachbesetzung der Stelle 8. Gedenken und Wertsch\u00e4tzung \/ Dankbarkeit Gemeinsames Gedenken (z.\u202fB. Kondolenzbuch, Gedenkminute, interne Mitteilung) \u2013 digitale Gedenkseite Erinnerungskultur f\u00f6rdern, falls passend zur Unternehmenskultur Anerkennung der Leistungen der verstorbenen Person &nbsp; Als HR-Verantwortliche tragen wir nicht nur organisatorische, sondern auch menschliche Verantwortung. Wenn eine Kollegin verstirbt, ist das mehr als ein \u201eAustritt\u201c \u2013 es betrifft Teams emotional, kulturell und zwischenmenschlich. Das ist keine \u201eweiche\u201c Komponente \u2013 es ist gelebte Unternehmenskultur und echte F\u00fcrsorge. Wie geht Ihr mit Trauer in Eurem Unternehmen um ? Gibt es Raum f\u00fcr Erinnerung und Anteilnahme? Haben wir Tools oder Rituale, die den Zusammenhalt st\u00e4rken? Tributoo unterst\u00fctzt Sie gern dabei, diesen sensiblen Bereich achtsam und wirkungsvoll zu gestalten. Ihr Tributoo Team &nbsp; Download QR code<\/p>","protected":false},"author":7,"featured_media":4623,"comment_status":"open","ping_status":"closed","sticky":false,"template":"","format":"standard","meta":{"footnotes":""},"categories":[1],"tags":[147,148,149,118,123],"class_list":["post-4622","post","type-post","status-publish","format-standard","has-post-thumbnail","hentry","category-blog","tag-businhess","tag-digitale-erinnerung","tag-employer-branding","tag-memorial-pages","tag-trauer"],"yoast_head":"<!-- This site is optimized with the Yoast SEO plugin v27.5 - https:\/\/yoast.com\/product\/yoast-seo-wordpress\/ -->\n<title>Erweiterter Mitarbeitenden-Lebenszyklus - Trauerkultur im Unternehmen - Online memorial page<\/title>\n<meta name=\"description\" content=\"Trauerkultung in Unternehmen\" \/>\n<meta name=\"robots\" content=\"index, follow, max-snippet:-1, max-image-preview:large, max-video-preview:-1\" \/>\n<link rel=\"canonical\" href=\"https:\/\/www.tributoo.com\/it\/gedenkseiten-im-business-alltag-3\/\" \/>\n<meta property=\"og:locale\" content=\"it_IT\" \/>\n<meta property=\"og:type\" content=\"article\" \/>\n<meta property=\"og:title\" content=\"Erweiterter Mitarbeitenden-Lebenszyklus - Trauerkultur im Unternehmen - Online memorial page\" \/>\n<meta property=\"og:description\" content=\"Trauerkultung in Unternehmen\" \/>\n<meta property=\"og:url\" content=\"https:\/\/www.tributoo.com\/it\/gedenkseiten-im-business-alltag-3\/\" \/>\n<meta property=\"og:site_name\" content=\"Online memorial page\" \/>\n<meta property=\"article:publisher\" content=\"https:\/\/www.facebook.com\/tributoo.official\/\" \/>\n<meta property=\"article:published_time\" content=\"2025-06-25T11:22:20+00:00\" \/>\n<meta property=\"article:modified_time\" content=\"2025-06-25T11:22:59+00:00\" \/>\n<meta property=\"og:image\" content=\"https:\/\/www.tributoo.com\/wp-content\/uploads\/2025\/06\/Blog-11-erweiterter-MAZyklus.jpeg\" \/>\n\t<meta property=\"og:image:width\" content=\"1080\" \/>\n\t<meta property=\"og:image:height\" content=\"1080\" \/>\n\t<meta property=\"og:image:type\" content=\"image\/jpeg\" \/>\n<meta name=\"author\" content=\"rene\" \/>\n<meta name=\"twitter:card\" content=\"summary_large_image\" \/>\n<meta name=\"twitter:label1\" content=\"Scritto da\" \/>\n\t<meta name=\"twitter:data1\" content=\"rene\" \/>\n\t<meta name=\"twitter:label2\" content=\"Tempo di lettura stimato\" \/>\n\t<meta name=\"twitter:data2\" content=\"3 minuti\" \/>\n<script type=\"application\/ld+json\" class=\"yoast-schema-graph\">{\"@context\":\"https:\\\/\\\/schema.org\",\"@graph\":[{\"@type\":\"Article\",\"@id\":\"https:\\\/\\\/www.tributoo.com\\\/gedenkseiten-im-business-alltag-3\\\/#article\",\"isPartOf\":{\"@id\":\"https:\\\/\\\/www.tributoo.com\\\/gedenkseiten-im-business-alltag-3\\\/\"},\"author\":{\"name\":\"rene\",\"@id\":\"https:\\\/\\\/www.tributoo.com\\\/#\\\/schema\\\/person\\\/25f3ea35c9bccc051151079a65092e87\"},\"headline\":\"Erweiterter Mitarbeitenden-Lebenszyklus &#8211; Trauerkultur im Unternehmen\",\"datePublished\":\"2025-06-25T11:22:20+00:00\",\"dateModified\":\"2025-06-25T11:22:59+00:00\",\"mainEntityOfPage\":{\"@id\":\"https:\\\/\\\/www.tributoo.com\\\/gedenkseiten-im-business-alltag-3\\\/\"},\"wordCount\":355,\"commentCount\":2,\"publisher\":{\"@id\":\"https:\\\/\\\/www.tributoo.com\\\/#organization\"},\"image\":{\"@id\":\"https:\\\/\\\/www.tributoo.com\\\/gedenkseiten-im-business-alltag-3\\\/#primaryimage\"},\"thumbnailUrl\":\"https:\\\/\\\/www.tributoo.com\\\/wp-content\\\/uploads\\\/2025\\\/06\\\/Blog-11-erweiterter-MAZyklus.jpeg\",\"keywords\":[\"Businhess\",\"Digitale Erinnerung\",\"Employer Branding\",\"Memorial pages\",\"Trauer\"],\"articleSection\":[\"Blog\"],\"inLanguage\":\"it-IT\",\"potentialAction\":[{\"@type\":\"CommentAction\",\"name\":\"Comment\",\"target\":[\"https:\\\/\\\/www.tributoo.com\\\/gedenkseiten-im-business-alltag-3\\\/#respond\"]}]},{\"@type\":\"WebPage\",\"@id\":\"https:\\\/\\\/www.tributoo.com\\\/gedenkseiten-im-business-alltag-3\\\/\",\"url\":\"https:\\\/\\\/www.tributoo.com\\\/gedenkseiten-im-business-alltag-3\\\/\",\"name\":\"Erweiterter Mitarbeitenden-Lebenszyklus - Trauerkultur im Unternehmen - Online memorial page\",\"isPartOf\":{\"@id\":\"https:\\\/\\\/www.tributoo.com\\\/#website\"},\"primaryImageOfPage\":{\"@id\":\"https:\\\/\\\/www.tributoo.com\\\/gedenkseiten-im-business-alltag-3\\\/#primaryimage\"},\"image\":{\"@id\":\"https:\\\/\\\/www.tributoo.com\\\/gedenkseiten-im-business-alltag-3\\\/#primaryimage\"},\"thumbnailUrl\":\"https:\\\/\\\/www.tributoo.com\\\/wp-content\\\/uploads\\\/2025\\\/06\\\/Blog-11-erweiterter-MAZyklus.jpeg\",\"datePublished\":\"2025-06-25T11:22:20+00:00\",\"dateModified\":\"2025-06-25T11:22:59+00:00\",\"description\":\"Trauerkultung in Unternehmen\",\"breadcrumb\":{\"@id\":\"https:\\\/\\\/www.tributoo.com\\\/gedenkseiten-im-business-alltag-3\\\/#breadcrumb\"},\"inLanguage\":\"it-IT\",\"potentialAction\":[{\"@type\":\"ReadAction\",\"target\":[\"https:\\\/\\\/www.tributoo.com\\\/gedenkseiten-im-business-alltag-3\\\/\"]}]},{\"@type\":\"ImageObject\",\"inLanguage\":\"it-IT\",\"@id\":\"https:\\\/\\\/www.tributoo.com\\\/gedenkseiten-im-business-alltag-3\\\/#primaryimage\",\"url\":\"https:\\\/\\\/www.tributoo.com\\\/wp-content\\\/uploads\\\/2025\\\/06\\\/Blog-11-erweiterter-MAZyklus.jpeg\",\"contentUrl\":\"https:\\\/\\\/www.tributoo.com\\\/wp-content\\\/uploads\\\/2025\\\/06\\\/Blog-11-erweiterter-MAZyklus.jpeg\",\"width\":1080,\"height\":1080},{\"@type\":\"BreadcrumbList\",\"@id\":\"https:\\\/\\\/www.tributoo.com\\\/gedenkseiten-im-business-alltag-3\\\/#breadcrumb\",\"itemListElement\":[{\"@type\":\"ListItem\",\"position\":1,\"name\":\"Startseite\",\"item\":\"https:\\\/\\\/www.tributoo.com\\\/\"},{\"@type\":\"ListItem\",\"position\":2,\"name\":\"Erweiterter Mitarbeitenden-Lebenszyklus &#8211; Trauerkultur im Unternehmen\"}]},{\"@type\":\"WebSite\",\"@id\":\"https:\\\/\\\/www.tributoo.com\\\/#website\",\"url\":\"https:\\\/\\\/www.tributoo.com\\\/\",\"name\":\"Gedenkseite Online\",\"description\":\"Keeping Memories Alive\",\"publisher\":{\"@id\":\"https:\\\/\\\/www.tributoo.com\\\/#organization\"},\"alternateName\":\"tributoo\",\"potentialAction\":[{\"@type\":\"SearchAction\",\"target\":{\"@type\":\"EntryPoint\",\"urlTemplate\":\"https:\\\/\\\/www.tributoo.com\\\/?s={search_term_string}\"},\"query-input\":{\"@type\":\"PropertyValueSpecification\",\"valueRequired\":true,\"valueName\":\"search_term_string\"}}],\"inLanguage\":\"it-IT\"},{\"@type\":\"Organization\",\"@id\":\"https:\\\/\\\/www.tributoo.com\\\/#organization\",\"name\":\"Tributoo\",\"alternateName\":\"Gedenkseite Online\",\"url\":\"https:\\\/\\\/www.tributoo.com\\\/\",\"logo\":{\"@type\":\"ImageObject\",\"inLanguage\":\"it-IT\",\"@id\":\"https:\\\/\\\/www.tributoo.com\\\/#\\\/schema\\\/logo\\\/image\\\/\",\"url\":\"https:\\\/\\\/www.tributoo.com\\\/wp-content\\\/uploads\\\/2024\\\/11\\\/Tributoo_logo_icon.png\",\"contentUrl\":\"https:\\\/\\\/www.tributoo.com\\\/wp-content\\\/uploads\\\/2024\\\/11\\\/Tributoo_logo_icon.png\",\"width\":360,\"height\":174,\"caption\":\"Tributoo\"},\"image\":{\"@id\":\"https:\\\/\\\/www.tributoo.com\\\/#\\\/schema\\\/logo\\\/image\\\/\"},\"sameAs\":[\"https:\\\/\\\/www.facebook.com\\\/tributoo.official\\\/\"]},{\"@type\":\"Person\",\"@id\":\"https:\\\/\\\/www.tributoo.com\\\/#\\\/schema\\\/person\\\/25f3ea35c9bccc051151079a65092e87\",\"name\":\"rene\",\"image\":{\"@type\":\"ImageObject\",\"inLanguage\":\"it-IT\",\"@id\":\"https:\\\/\\\/secure.gravatar.com\\\/avatar\\\/2b8f7cd8173067d05f9fb4421503cf6e0010bb51dffdc9ba39be52ed945ae7ba?s=96&d=https%3A%2F%2Fui-avatars.com%2Fapi%2Frenerene%2F96%2F3dc1d3%2Ffff%2F1%2F0.4%2F%2F1%2F1&r=g\",\"url\":\"https:\\\/\\\/secure.gravatar.com\\\/avatar\\\/2b8f7cd8173067d05f9fb4421503cf6e0010bb51dffdc9ba39be52ed945ae7ba?s=96&d=https%3A%2F%2Fui-avatars.com%2Fapi%2Frenerene%2F96%2F3dc1d3%2Ffff%2F1%2F0.4%2F%2F1%2F1&r=g\",\"contentUrl\":\"https:\\\/\\\/secure.gravatar.com\\\/avatar\\\/2b8f7cd8173067d05f9fb4421503cf6e0010bb51dffdc9ba39be52ed945ae7ba?s=96&d=https%3A%2F%2Fui-avatars.com%2Fapi%2Frenerene%2F96%2F3dc1d3%2Ffff%2F1%2F0.4%2F%2F1%2F1&r=g\",\"caption\":\"rene\"},\"url\":\"https:\\\/\\\/www.tributoo.com\\\/it\\\/author\\\/rene\\\/\"}]}<\/script>\n<!-- \/ Yoast SEO plugin. -->","yoast_head_json":{"title":"Erweiterter Mitarbeitenden-Lebenszyklus - Trauerkultur im Unternehmen - Pagina commemorativa online","description":"Trauerkultung in Unternehmen","robots":{"index":"index","follow":"follow","max-snippet":"max-snippet:-1","max-image-preview":"max-image-preview:large","max-video-preview":"max-video-preview:-1"},"canonical":"https:\/\/www.tributoo.com\/it\/gedenkseiten-im-business-alltag-3\/","og_locale":"it_IT","og_type":"article","og_title":"Erweiterter Mitarbeitenden-Lebenszyklus - Trauerkultur im Unternehmen - Online memorial page","og_description":"Trauerkultung in Unternehmen","og_url":"https:\/\/www.tributoo.com\/it\/gedenkseiten-im-business-alltag-3\/","og_site_name":"Online memorial page","article_publisher":"https:\/\/www.facebook.com\/tributoo.official\/","article_published_time":"2025-06-25T11:22:20+00:00","article_modified_time":"2025-06-25T11:22:59+00:00","og_image":[{"width":1080,"height":1080,"url":"https:\/\/www.tributoo.com\/wp-content\/uploads\/2025\/06\/Blog-11-erweiterter-MAZyklus.jpeg","type":"image\/jpeg"}],"author":"rene","twitter_card":"summary_large_image","twitter_misc":{"Scritto da":"rene","Tempo di lettura stimato":"3 minuti"},"schema":{"@context":"https:\/\/schema.org","@graph":[{"@type":"Article","@id":"https:\/\/www.tributoo.com\/gedenkseiten-im-business-alltag-3\/#article","isPartOf":{"@id":"https:\/\/www.tributoo.com\/gedenkseiten-im-business-alltag-3\/"},"author":{"name":"rene","@id":"https:\/\/www.tributoo.com\/#\/schema\/person\/25f3ea35c9bccc051151079a65092e87"},"headline":"Erweiterter Mitarbeitenden-Lebenszyklus &#8211; Trauerkultur im Unternehmen","datePublished":"2025-06-25T11:22:20+00:00","dateModified":"2025-06-25T11:22:59+00:00","mainEntityOfPage":{"@id":"https:\/\/www.tributoo.com\/gedenkseiten-im-business-alltag-3\/"},"wordCount":355,"commentCount":2,"publisher":{"@id":"https:\/\/www.tributoo.com\/#organization"},"image":{"@id":"https:\/\/www.tributoo.com\/gedenkseiten-im-business-alltag-3\/#primaryimage"},"thumbnailUrl":"https:\/\/www.tributoo.com\/wp-content\/uploads\/2025\/06\/Blog-11-erweiterter-MAZyklus.jpeg","keywords":["Businhess","Digitale Erinnerung","Employer Branding","Memorial pages","Trauer"],"articleSection":["Blog"],"inLanguage":"it-IT","potentialAction":[{"@type":"CommentAction","name":"Comment","target":["https:\/\/www.tributoo.com\/gedenkseiten-im-business-alltag-3\/#respond"]}]},{"@type":"WebPage","@id":"https:\/\/www.tributoo.com\/gedenkseiten-im-business-alltag-3\/","url":"https:\/\/www.tributoo.com\/gedenkseiten-im-business-alltag-3\/","name":"Erweiterter Mitarbeitenden-Lebenszyklus - Trauerkultur im Unternehmen - Pagina commemorativa online","isPartOf":{"@id":"https:\/\/www.tributoo.com\/#website"},"primaryImageOfPage":{"@id":"https:\/\/www.tributoo.com\/gedenkseiten-im-business-alltag-3\/#primaryimage"},"image":{"@id":"https:\/\/www.tributoo.com\/gedenkseiten-im-business-alltag-3\/#primaryimage"},"thumbnailUrl":"https:\/\/www.tributoo.com\/wp-content\/uploads\/2025\/06\/Blog-11-erweiterter-MAZyklus.jpeg","datePublished":"2025-06-25T11:22:20+00:00","dateModified":"2025-06-25T11:22:59+00:00","description":"Trauerkultung in Unternehmen","breadcrumb":{"@id":"https:\/\/www.tributoo.com\/gedenkseiten-im-business-alltag-3\/#breadcrumb"},"inLanguage":"it-IT","potentialAction":[{"@type":"ReadAction","target":["https:\/\/www.tributoo.com\/gedenkseiten-im-business-alltag-3\/"]}]},{"@type":"ImageObject","inLanguage":"it-IT","@id":"https:\/\/www.tributoo.com\/gedenkseiten-im-business-alltag-3\/#primaryimage","url":"https:\/\/www.tributoo.com\/wp-content\/uploads\/2025\/06\/Blog-11-erweiterter-MAZyklus.jpeg","contentUrl":"https:\/\/www.tributoo.com\/wp-content\/uploads\/2025\/06\/Blog-11-erweiterter-MAZyklus.jpeg","width":1080,"height":1080},{"@type":"BreadcrumbList","@id":"https:\/\/www.tributoo.com\/gedenkseiten-im-business-alltag-3\/#breadcrumb","itemListElement":[{"@type":"ListItem","position":1,"name":"Startseite","item":"https:\/\/www.tributoo.com\/"},{"@type":"ListItem","position":2,"name":"Erweiterter Mitarbeitenden-Lebenszyklus &#8211; Trauerkultur im Unternehmen"}]},{"@type":"WebSite","@id":"https:\/\/www.tributoo.com\/#website","url":"https:\/\/www.tributoo.com\/","name":"Pagina principale online","description":"Mantenere vivi i ricordi","publisher":{"@id":"https:\/\/www.tributoo.com\/#organization"},"alternateName":"tributoo","potentialAction":[{"@type":"SearchAction","target":{"@type":"EntryPoint","urlTemplate":"https:\/\/www.tributoo.com\/?s={search_term_string}"},"query-input":{"@type":"PropertyValueSpecification","valueRequired":true,"valueName":"search_term_string"}}],"inLanguage":"it-IT"},{"@type":"Organization","@id":"https:\/\/www.tributoo.com\/#organization","name":"Tributoo","alternateName":"Gedenkseite Online","url":"https:\/\/www.tributoo.com\/","logo":{"@type":"ImageObject","inLanguage":"it-IT","@id":"https:\/\/www.tributoo.com\/#\/schema\/logo\/image\/","url":"https:\/\/www.tributoo.com\/wp-content\/uploads\/2024\/11\/Tributoo_logo_icon.png","contentUrl":"https:\/\/www.tributoo.com\/wp-content\/uploads\/2024\/11\/Tributoo_logo_icon.png","width":360,"height":174,"caption":"Tributoo"},"image":{"@id":"https:\/\/www.tributoo.com\/#\/schema\/logo\/image\/"},"sameAs":["https:\/\/www.facebook.com\/tributoo.official\/"]},{"@type":"Person","@id":"https:\/\/www.tributoo.com\/#\/schema\/person\/25f3ea35c9bccc051151079a65092e87","name":"Rene","image":{"@type":"ImageObject","inLanguage":"it-IT","@id":"https:\/\/secure.gravatar.com\/avatar\/2b8f7cd8173067d05f9fb4421503cf6e0010bb51dffdc9ba39be52ed945ae7ba?s=96&d=https%3A%2F%2Fui-avatars.com%2Fapi%2Frenerene%2F96%2F3dc1d3%2Ffff%2F1%2F0.4%2F%2F1%2F1&r=g","url":"https:\/\/secure.gravatar.com\/avatar\/2b8f7cd8173067d05f9fb4421503cf6e0010bb51dffdc9ba39be52ed945ae7ba?s=96&d=https%3A%2F%2Fui-avatars.com%2Fapi%2Frenerene%2F96%2F3dc1d3%2Ffff%2F1%2F0.4%2F%2F1%2F1&r=g","contentUrl":"https:\/\/secure.gravatar.com\/avatar\/2b8f7cd8173067d05f9fb4421503cf6e0010bb51dffdc9ba39be52ed945ae7ba?s=96&d=https%3A%2F%2Fui-avatars.com%2Fapi%2Frenerene%2F96%2F3dc1d3%2Ffff%2F1%2F0.4%2F%2F1%2F1&r=g","caption":"rene"},"url":"https:\/\/www.tributoo.com\/it\/author\/rene\/"}]}},"acf":[],"_links":{"self":[{"href":"https:\/\/www.tributoo.com\/it\/wp-json\/wp\/v2\/posts\/4622","targetHints":{"allow":["GET"]}}],"collection":[{"href":"https:\/\/www.tributoo.com\/it\/wp-json\/wp\/v2\/posts"}],"about":[{"href":"https:\/\/www.tributoo.com\/it\/wp-json\/wp\/v2\/types\/post"}],"author":[{"embeddable":true,"href":"https:\/\/www.tributoo.com\/it\/wp-json\/wp\/v2\/users\/7"}],"replies":[{"embeddable":true,"href":"https:\/\/www.tributoo.com\/it\/wp-json\/wp\/v2\/comments?post=4622"}],"version-history":[{"count":2,"href":"https:\/\/www.tributoo.com\/it\/wp-json\/wp\/v2\/posts\/4622\/revisions"}],"predecessor-version":[{"id":4625,"href":"https:\/\/www.tributoo.com\/it\/wp-json\/wp\/v2\/posts\/4622\/revisions\/4625"}],"wp:featuredmedia":[{"embeddable":true,"href":"https:\/\/www.tributoo.com\/it\/wp-json\/wp\/v2\/media\/4623"}],"wp:attachment":[{"href":"https:\/\/www.tributoo.com\/it\/wp-json\/wp\/v2\/media?parent=4622"}],"wp:term":[{"taxonomy":"category","embeddable":true,"href":"https:\/\/www.tributoo.com\/it\/wp-json\/wp\/v2\/categories?post=4622"},{"taxonomy":"post_tag","embeddable":true,"href":"https:\/\/www.tributoo.com\/it\/wp-json\/wp\/v2\/tags?post=4622"}],"curies":[{"name":"parola chiave","href":"https:\/\/api.w.org\/{rel}","templated":true}]}}