{"id":5076,"date":"2025-07-16T09:37:04","date_gmt":"2025-07-16T07:37:04","guid":{"rendered":"https:\/\/www.tributoo.com\/?p=5076"},"modified":"2025-07-16T09:37:04","modified_gmt":"2025-07-16T07:37:04","slug":"extended-employee-life-cycle-mourning-culture-in-the-company","status":"publish","type":"post","link":"https:\/\/www.tributoo.com\/it\/cultura-del-lutto-estesa-al-ciclo-di-vita-dei-dipendenti-in-azienda\/","title":{"rendered":"Ciclo di vita esteso dei dipendenti: cultura del lutto in azienda"},"content":{"rendered":"<h3><strong>Ciclo di vita esteso dei dipendenti: rafforzare una cultura del lutto nell&#039;organizzazione<\/strong><\/h3>\n<h3>Amplia il ciclo di vita dei tuoi dipendenti con il ricordo e la gratitudine per i colleghi che sono scomparsi:<\/h3>\n<p>&nbsp;<\/p>\n<h3><strong>Il ciclo di vita di un dipendente nelle risorse umane spesso termina con la sua partenza, ma \u00e8 l\u00ec che inizia davvero.<\/strong><\/h3>\n<p>Come professionisti delle risorse umane, abbiamo non solo una responsabilit\u00e0 organizzativa, ma anche umana. La scomparsa di un collega \u00e8 pi\u00f9 di una semplice &quot;uscita&quot;: ha un impatto emotivo, culturale e interpersonale sui team. Non si tratta di una componente &quot;soft&quot;: \u00e8 cultura aziendale vissuta e cura autentica.<\/p>\n<h3><strong>1. <\/strong><strong>Pianificazione della forza lavoro \/ Garantire il futuro dell&#039;azienda<\/strong><\/h3>\n<ul>\n<li>Previsione strategica; pianificazione, responsabilit\u00e0 e cura<\/li>\n<li>Pianificazione delle risorse e delle competenze<\/li>\n<\/ul>\n<h3><strong>2. Acquisizione del personale \/ Coinvolgimento dei talenti<\/strong><\/h3>\n<ul>\n<li>Connessione emotiva e culturale tra talenti e azienda<\/li>\n<li>Reclutamento, selezione, assunzione<\/li>\n<\/ul>\n<h3><strong>3. Onboarding \/ Gioia dell&#039;arrivo<\/strong><\/h3>\n<ul>\n<li>Accoglienza, inizio di un nuovo viaggio<\/li>\n<li>Formazione, integrazione e inserimento culturale<\/li>\n<\/ul>\n<h3><strong>4. Occupazione e sviluppo \/ Percorso di crescita<\/strong><\/h3>\n<ul>\n<li>Sviluppo personale e professionale<\/li>\n<li>Progressione di carriera, ulteriore formazione, motivazione e mantenimento<\/li>\n<\/ul>\n<h3><strong>5. Uscita, separazione, morte \/ momento di addio<\/strong><\/h3>\n<ul>\n<li>Lasciar andare; apprezzamento e riconoscimento<\/li>\n<li>Dimissioni, pensionamento, morte<\/li>\n<\/ul>\n<p>&nbsp;<\/p>\n<h3><strong>In molti modelli di gestione delle risorse umane, il ciclo di vita di un dipendente termina con il licenziamento o il pensionamento. Ma cosa succede quando qualcuno muore?<\/strong><\/h3>\n<h3><strong>Un ciclo di vita esteso delle risorse umane include quindi anche:<\/strong><\/h3>\n<p><strong>\u00a0<\/strong><\/p>\n<h3><strong>6. Assistenza post-mortem \/ Ricordo dignitoso<\/strong><\/h3>\n<ul>\n<li>Compassione, rispetto e responsabilit\u00e0<\/li>\n<li>Elaborazione amministrativa<\/li>\n<li>Comunicazione interna ed esterna<\/li>\n<li>Contatto con i parenti<\/li>\n<li>Organizzazione della partecipazione al funerale (se desiderato)<\/li>\n<\/ul>\n<h3><strong>7. Fase di lutto in azienda \/ Ricordare insieme<\/strong><\/h3>\n<ul>\n<li>Emozioni collettive e coesione<\/li>\n<li>Spazio per il dolore nel team (ad esempio discussioni, supporto psicologico)<\/li>\n<li>Facoltativo: consulenza sul lutto da parte delle risorse umane o di specialisti esterni<\/li>\n<li>Gestione delicata della sostituzione della posizione<\/li>\n<\/ul>\n<h3><strong>8. Ricordo e apprezzamento\/gratitudine<\/strong><\/h3>\n<ul>\n<li>Commemorazione congiunta (ad esempio libro delle condoglianze, minuto di silenzio, comunicazione interna) \u2013 pagina commemorativa digitale<\/li>\n<li>Promuovere una cultura del ricordo se appropriata alla cultura aziendale<\/li>\n<li>Riconoscimento dei successi della persona deceduta<\/li>\n<\/ul>\n<p>&nbsp;<\/p>\n<p>Come responsabili delle risorse umane, abbiamo non solo una responsabilit\u00e0 organizzativa, ma anche una responsabilit\u00e0 umana. La scomparsa di un collega \u00e8 pi\u00f9 di una semplice &quot;dipartita&quot;: ha un impatto emotivo, culturale e interpersonale sui team. Non si tratta di una componente &quot;soft&quot;: \u00e8 una cultura aziendale vissuta e un&#039;attenzione genuina.<\/p>\n<ul>\n<li>\n<h3>Come gestisci il lutto nella tua azienda?<\/h3>\n<\/li>\n<li>\n<h3>C&#039;\u00e8 spazio per il ricordo e la compassione?<\/h3>\n<\/li>\n<li>\n<h3>Abbiamo strumenti o rituali che rafforzano la coesione?<\/h3>\n<\/li>\n<\/ul>\n<p><strong>Tributoo<\/strong> \u00e8 lieta di supportarvi nel dare forma a questa delicata area in modo consapevole ed efficace.<\/p>\n<h3><strong>Il tuo team Tributoo<\/strong><\/h3>\n<p>&nbsp;<\/p>\n<div style=\"margin: 20px 0;\"><div class=\"qrcswholewtapper\" style=\"text-align:left;\"><div class=\"qrcprowrapper\"  id=\"qrcwraa2leds\"><div class=\"qrc_canvass\" id=\"qrc_cuttenpages_2\" style=\"display:inline-block\" data-text=\"https:\/\/www.tributoo.com\/it\/cultura-del-lutto-estesa-al-ciclo-di-vita-dei-dipendenti-in-azienda\/\"><\/div><div><a download=\"Extended employee life cycle &#8211; mourning culture in the company.png\" class=\"qrcdownloads\" id=\"worign\">\r\n           <button type=\"button\" style=\"min-width:220px;background:#dd9933;color:#ffffff;font-weight: 600;border: 1px solid #dd9933;border-radius:5px;font-size:12px;padding: 6px 0;\" class=\"uqr_code_btn\">Scarica il codice QR<\/button>\r\n           <\/a><\/div><\/div><\/div><\/div>","protected":false},"excerpt":{"rendered":"<p>Extended Employee Lifecycle \u2013 Strengthening a Culture of Mourning in the Organization Expand your employee lifecycle with remembrance and appreciation for colleagues who have passed away: &nbsp; The employee lifecycle in HR often ends with departure \u2013 but that\u2019s where it truly begins. As HR professionals, we bear not only organizational but also human responsibility. When a colleague passes away, it is more than just an \u201cexit\u201d \u2013 it affects teams emotionally, culturally, and interpersonally. This is not a \u201csoft\u201d component \u2013 it is lived corporate culture and genuine care. 1. Workforce Planning \/ Securing the Company\u2019s Future Strategic foresight; planning, responsibility, and care Planning of resources and competencies 2. Personnel acquisition \/ Talent engagement Emotional and cultural connection between talents and the company Recruitment, selection, hiring 3. Onboarding \/ Joy of arrival Welcoming, beginning of a new journey Training, integration, and cultural onboarding 4. Employment and development \/ Growth journey Personal and professional development Career progression, further education, motivation, and retention 5. Exit, separation, death \/ farewell moment Letting go; appreciation and recognition Resignation, retirement, death &nbsp; In many HR models, the employee lifecycle ends with termination or retirement. But what happens when someone dies? An extended HR lifecycle therefore also includes: \u00a0 6. Aftercare in the event of death \/ Dignified remembrance Compassion, respect and responsibility Administrative processing Internal &amp; external communication Contact with relatives Organization of participation in funeral (if desired) 7. Mourning phase in the company \/ Remembering together Collective emotions and cohesion Space for grief in the team (e.g. discussions, psychological support) Optional: Grief counseling by HR or external specialists Sensitive handling of the position&#8217;s replacement 8. Remembrance and appreciation \/ gratitude Joint commemoration (e.g. condolence book, minute of silence, internal communication) \u2013 digital memorial page Promote a culture of remembrance if appropriate to the corporate culture Recognition of the deceased person&#8217;s achievements &nbsp; As HR managers, we bear not only organizational responsibility, but also human responsibility. When a colleague passes away, it&#8217;s more than just a &#8220;departure&#8221;\u2014it affects teams emotionally, culturally, and interpersonally. This isn&#8217;t a &#8220;soft&#8221; component\u2014it&#8217;s a lived corporate culture and genuine care. How do you deal with grief in your company? Is there room for remembrance and sympathy? Do we have tools or rituals that strengthen cohesion? Tributoo is happy to support you in shaping this sensitive area mindfully and effectively. Your Tributoo Team &nbsp; Download QR code<\/p>","protected":false},"author":157,"featured_media":4623,"comment_status":"open","ping_status":"closed","sticky":false,"template":"","format":"standard","meta":{"footnotes":""},"categories":[1],"tags":[147,148,149,118,123],"class_list":["post-5076","post","type-post","status-publish","format-standard","has-post-thumbnail","hentry","category-blog","tag-businhess","tag-digitale-erinnerung","tag-employer-branding","tag-memorial-pages","tag-trauer"],"yoast_head":"<!-- This site is optimized with the Yoast SEO plugin v27.5 - https:\/\/yoast.com\/product\/yoast-seo-wordpress\/ -->\n<title>Extended employee life cycle - mourning culture in the company - Online memorial page<\/title>\n<meta name=\"description\" content=\"Trauerkultung in Unternehmen\" \/>\n<meta name=\"robots\" content=\"index, follow, max-snippet:-1, max-image-preview:large, max-video-preview:-1\" \/>\n<link rel=\"canonical\" href=\"https:\/\/www.tributoo.com\/it\/cultura-del-lutto-estesa-al-ciclo-di-vita-dei-dipendenti-in-azienda\/\" \/>\n<meta property=\"og:locale\" content=\"it_IT\" \/>\n<meta property=\"og:type\" content=\"article\" \/>\n<meta property=\"og:title\" content=\"Extended employee life cycle - mourning culture in the company - Online memorial page\" \/>\n<meta property=\"og:description\" content=\"Trauerkultung in Unternehmen\" \/>\n<meta property=\"og:url\" content=\"https:\/\/www.tributoo.com\/it\/cultura-del-lutto-estesa-al-ciclo-di-vita-dei-dipendenti-in-azienda\/\" \/>\n<meta property=\"og:site_name\" content=\"Online memorial page\" \/>\n<meta property=\"article:publisher\" content=\"https:\/\/www.facebook.com\/tributoo.official\/\" \/>\n<meta property=\"article:published_time\" content=\"2025-07-16T07:37:04+00:00\" \/>\n<meta property=\"og:image\" content=\"https:\/\/www.tributoo.com\/wp-content\/uploads\/2025\/06\/Blog-11-erweiterter-MAZyklus.jpeg\" \/>\n\t<meta property=\"og:image:width\" content=\"1080\" \/>\n\t<meta property=\"og:image:height\" content=\"1080\" \/>\n\t<meta property=\"og:image:type\" content=\"image\/jpeg\" \/>\n<meta name=\"author\" content=\"naren\" \/>\n<meta name=\"twitter:card\" content=\"summary_large_image\" \/>\n<meta name=\"twitter:label1\" content=\"Scritto da\" \/>\n\t<meta name=\"twitter:data1\" content=\"naren\" \/>\n\t<meta name=\"twitter:label2\" content=\"Tempo di lettura stimato\" \/>\n\t<meta name=\"twitter:data2\" content=\"3 minuti\" \/>\n<script type=\"application\/ld+json\" class=\"yoast-schema-graph\">{\"@context\":\"https:\\\/\\\/schema.org\",\"@graph\":[{\"@type\":\"Article\",\"@id\":\"https:\\\/\\\/www.tributoo.com\\\/extended-employee-life-cycle-mourning-culture-in-the-company\\\/#article\",\"isPartOf\":{\"@id\":\"https:\\\/\\\/www.tributoo.com\\\/extended-employee-life-cycle-mourning-culture-in-the-company\\\/\"},\"author\":{\"name\":\"naren\",\"@id\":\"https:\\\/\\\/www.tributoo.com\\\/#\\\/schema\\\/person\\\/b5590eb1684976d9041b2d4b778df309\"},\"headline\":\"Extended employee life cycle &#8211; mourning culture in the company\",\"datePublished\":\"2025-07-16T07:37:04+00:00\",\"mainEntityOfPage\":{\"@id\":\"https:\\\/\\\/www.tributoo.com\\\/extended-employee-life-cycle-mourning-culture-in-the-company\\\/\"},\"wordCount\":393,\"commentCount\":4,\"publisher\":{\"@id\":\"https:\\\/\\\/www.tributoo.com\\\/#organization\"},\"image\":{\"@id\":\"https:\\\/\\\/www.tributoo.com\\\/extended-employee-life-cycle-mourning-culture-in-the-company\\\/#primaryimage\"},\"thumbnailUrl\":\"https:\\\/\\\/www.tributoo.com\\\/wp-content\\\/uploads\\\/2025\\\/06\\\/Blog-11-erweiterter-MAZyklus.jpeg\",\"keywords\":[\"Businhess\",\"Digitale Erinnerung\",\"Employer Branding\",\"Memorial pages\",\"Trauer\"],\"articleSection\":[\"Blog\"],\"inLanguage\":\"it-IT\",\"potentialAction\":[{\"@type\":\"CommentAction\",\"name\":\"Comment\",\"target\":[\"https:\\\/\\\/www.tributoo.com\\\/extended-employee-life-cycle-mourning-culture-in-the-company\\\/#respond\"]}]},{\"@type\":\"WebPage\",\"@id\":\"https:\\\/\\\/www.tributoo.com\\\/extended-employee-life-cycle-mourning-culture-in-the-company\\\/\",\"url\":\"https:\\\/\\\/www.tributoo.com\\\/extended-employee-life-cycle-mourning-culture-in-the-company\\\/\",\"name\":\"Extended employee life cycle - mourning culture in the company - Online memorial page\",\"isPartOf\":{\"@id\":\"https:\\\/\\\/www.tributoo.com\\\/#website\"},\"primaryImageOfPage\":{\"@id\":\"https:\\\/\\\/www.tributoo.com\\\/extended-employee-life-cycle-mourning-culture-in-the-company\\\/#primaryimage\"},\"image\":{\"@id\":\"https:\\\/\\\/www.tributoo.com\\\/extended-employee-life-cycle-mourning-culture-in-the-company\\\/#primaryimage\"},\"thumbnailUrl\":\"https:\\\/\\\/www.tributoo.com\\\/wp-content\\\/uploads\\\/2025\\\/06\\\/Blog-11-erweiterter-MAZyklus.jpeg\",\"datePublished\":\"2025-07-16T07:37:04+00:00\",\"description\":\"Trauerkultung in Unternehmen\",\"breadcrumb\":{\"@id\":\"https:\\\/\\\/www.tributoo.com\\\/extended-employee-life-cycle-mourning-culture-in-the-company\\\/#breadcrumb\"},\"inLanguage\":\"it-IT\",\"potentialAction\":[{\"@type\":\"ReadAction\",\"target\":[\"https:\\\/\\\/www.tributoo.com\\\/extended-employee-life-cycle-mourning-culture-in-the-company\\\/\"]}]},{\"@type\":\"ImageObject\",\"inLanguage\":\"it-IT\",\"@id\":\"https:\\\/\\\/www.tributoo.com\\\/extended-employee-life-cycle-mourning-culture-in-the-company\\\/#primaryimage\",\"url\":\"https:\\\/\\\/www.tributoo.com\\\/wp-content\\\/uploads\\\/2025\\\/06\\\/Blog-11-erweiterter-MAZyklus.jpeg\",\"contentUrl\":\"https:\\\/\\\/www.tributoo.com\\\/wp-content\\\/uploads\\\/2025\\\/06\\\/Blog-11-erweiterter-MAZyklus.jpeg\",\"width\":1080,\"height\":1080},{\"@type\":\"BreadcrumbList\",\"@id\":\"https:\\\/\\\/www.tributoo.com\\\/extended-employee-life-cycle-mourning-culture-in-the-company\\\/#breadcrumb\",\"itemListElement\":[{\"@type\":\"ListItem\",\"position\":1,\"name\":\"Startseite\",\"item\":\"https:\\\/\\\/www.tributoo.com\\\/\"},{\"@type\":\"ListItem\",\"position\":2,\"name\":\"Extended employee life cycle &#8211; mourning culture in the company\"}]},{\"@type\":\"WebSite\",\"@id\":\"https:\\\/\\\/www.tributoo.com\\\/#website\",\"url\":\"https:\\\/\\\/www.tributoo.com\\\/\",\"name\":\"Gedenkseite Online\",\"description\":\"Keeping Memories Alive\",\"publisher\":{\"@id\":\"https:\\\/\\\/www.tributoo.com\\\/#organization\"},\"alternateName\":\"tributoo\",\"potentialAction\":[{\"@type\":\"SearchAction\",\"target\":{\"@type\":\"EntryPoint\",\"urlTemplate\":\"https:\\\/\\\/www.tributoo.com\\\/?s={search_term_string}\"},\"query-input\":{\"@type\":\"PropertyValueSpecification\",\"valueRequired\":true,\"valueName\":\"search_term_string\"}}],\"inLanguage\":\"it-IT\"},{\"@type\":\"Organization\",\"@id\":\"https:\\\/\\\/www.tributoo.com\\\/#organization\",\"name\":\"Tributoo\",\"alternateName\":\"Gedenkseite Online\",\"url\":\"https:\\\/\\\/www.tributoo.com\\\/\",\"logo\":{\"@type\":\"ImageObject\",\"inLanguage\":\"it-IT\",\"@id\":\"https:\\\/\\\/www.tributoo.com\\\/#\\\/schema\\\/logo\\\/image\\\/\",\"url\":\"https:\\\/\\\/www.tributoo.com\\\/wp-content\\\/uploads\\\/2024\\\/11\\\/Tributoo_logo_icon.png\",\"contentUrl\":\"https:\\\/\\\/www.tributoo.com\\\/wp-content\\\/uploads\\\/2024\\\/11\\\/Tributoo_logo_icon.png\",\"width\":360,\"height\":174,\"caption\":\"Tributoo\"},\"image\":{\"@id\":\"https:\\\/\\\/www.tributoo.com\\\/#\\\/schema\\\/logo\\\/image\\\/\"},\"sameAs\":[\"https:\\\/\\\/www.facebook.com\\\/tributoo.official\\\/\"]},{\"@type\":\"Person\",\"@id\":\"https:\\\/\\\/www.tributoo.com\\\/#\\\/schema\\\/person\\\/b5590eb1684976d9041b2d4b778df309\",\"name\":\"naren\",\"image\":{\"@type\":\"ImageObject\",\"inLanguage\":\"it-IT\",\"@id\":\"https:\\\/\\\/secure.gravatar.com\\\/avatar\\\/aa1b87ed132a28dbf4f4073abb5ec9e7b761799543a4ca95c2f01239f7c51fac?s=96&d=https%3A%2F%2Fui-avatars.com%2Fapi%2Fnarennaren%2F96%2Fc44569%2Ffff%2F1%2F0.4%2F%2F1%2F1&r=g\",\"url\":\"https:\\\/\\\/secure.gravatar.com\\\/avatar\\\/aa1b87ed132a28dbf4f4073abb5ec9e7b761799543a4ca95c2f01239f7c51fac?s=96&d=https%3A%2F%2Fui-avatars.com%2Fapi%2Fnarennaren%2F96%2Fc44569%2Ffff%2F1%2F0.4%2F%2F1%2F1&r=g\",\"contentUrl\":\"https:\\\/\\\/secure.gravatar.com\\\/avatar\\\/aa1b87ed132a28dbf4f4073abb5ec9e7b761799543a4ca95c2f01239f7c51fac?s=96&d=https%3A%2F%2Fui-avatars.com%2Fapi%2Fnarennaren%2F96%2Fc44569%2Ffff%2F1%2F0.4%2F%2F1%2F1&r=g\",\"caption\":\"naren\"},\"url\":\"https:\\\/\\\/www.tributoo.com\\\/it\\\/author\\\/naren\\\/\"}]}<\/script>\n<!-- \/ Yoast SEO plugin. -->","yoast_head_json":{"title":"Ciclo di vita esteso dei dipendenti - cultura del lutto in azienda - Pagina commemorativa online","description":"Trauerkultung in Unternehmen","robots":{"index":"index","follow":"follow","max-snippet":"max-snippet:-1","max-image-preview":"max-image-preview:large","max-video-preview":"max-video-preview:-1"},"canonical":"https:\/\/www.tributoo.com\/it\/cultura-del-lutto-estesa-al-ciclo-di-vita-dei-dipendenti-in-azienda\/","og_locale":"it_IT","og_type":"article","og_title":"Extended employee life cycle - mourning culture in the company - Online memorial page","og_description":"Trauerkultung in Unternehmen","og_url":"https:\/\/www.tributoo.com\/it\/cultura-del-lutto-estesa-al-ciclo-di-vita-dei-dipendenti-in-azienda\/","og_site_name":"Online memorial page","article_publisher":"https:\/\/www.facebook.com\/tributoo.official\/","article_published_time":"2025-07-16T07:37:04+00:00","og_image":[{"width":1080,"height":1080,"url":"https:\/\/www.tributoo.com\/wp-content\/uploads\/2025\/06\/Blog-11-erweiterter-MAZyklus.jpeg","type":"image\/jpeg"}],"author":"naren","twitter_card":"summary_large_image","twitter_misc":{"Scritto da":"naren","Tempo di lettura stimato":"3 minuti"},"schema":{"@context":"https:\/\/schema.org","@graph":[{"@type":"Article","@id":"https:\/\/www.tributoo.com\/extended-employee-life-cycle-mourning-culture-in-the-company\/#article","isPartOf":{"@id":"https:\/\/www.tributoo.com\/extended-employee-life-cycle-mourning-culture-in-the-company\/"},"author":{"name":"naren","@id":"https:\/\/www.tributoo.com\/#\/schema\/person\/b5590eb1684976d9041b2d4b778df309"},"headline":"Extended employee life cycle &#8211; mourning culture in the company","datePublished":"2025-07-16T07:37:04+00:00","mainEntityOfPage":{"@id":"https:\/\/www.tributoo.com\/extended-employee-life-cycle-mourning-culture-in-the-company\/"},"wordCount":393,"commentCount":4,"publisher":{"@id":"https:\/\/www.tributoo.com\/#organization"},"image":{"@id":"https:\/\/www.tributoo.com\/extended-employee-life-cycle-mourning-culture-in-the-company\/#primaryimage"},"thumbnailUrl":"https:\/\/www.tributoo.com\/wp-content\/uploads\/2025\/06\/Blog-11-erweiterter-MAZyklus.jpeg","keywords":["Businhess","Digitale Erinnerung","Employer Branding","Memorial pages","Trauer"],"articleSection":["Blog"],"inLanguage":"it-IT","potentialAction":[{"@type":"CommentAction","name":"Comment","target":["https:\/\/www.tributoo.com\/extended-employee-life-cycle-mourning-culture-in-the-company\/#respond"]}]},{"@type":"WebPage","@id":"https:\/\/www.tributoo.com\/extended-employee-life-cycle-mourning-culture-in-the-company\/","url":"https:\/\/www.tributoo.com\/extended-employee-life-cycle-mourning-culture-in-the-company\/","name":"Ciclo di vita esteso dei dipendenti - cultura del lutto in azienda - Pagina commemorativa online","isPartOf":{"@id":"https:\/\/www.tributoo.com\/#website"},"primaryImageOfPage":{"@id":"https:\/\/www.tributoo.com\/extended-employee-life-cycle-mourning-culture-in-the-company\/#primaryimage"},"image":{"@id":"https:\/\/www.tributoo.com\/extended-employee-life-cycle-mourning-culture-in-the-company\/#primaryimage"},"thumbnailUrl":"https:\/\/www.tributoo.com\/wp-content\/uploads\/2025\/06\/Blog-11-erweiterter-MAZyklus.jpeg","datePublished":"2025-07-16T07:37:04+00:00","description":"Trauerkultung in Unternehmen","breadcrumb":{"@id":"https:\/\/www.tributoo.com\/extended-employee-life-cycle-mourning-culture-in-the-company\/#breadcrumb"},"inLanguage":"it-IT","potentialAction":[{"@type":"ReadAction","target":["https:\/\/www.tributoo.com\/extended-employee-life-cycle-mourning-culture-in-the-company\/"]}]},{"@type":"ImageObject","inLanguage":"it-IT","@id":"https:\/\/www.tributoo.com\/extended-employee-life-cycle-mourning-culture-in-the-company\/#primaryimage","url":"https:\/\/www.tributoo.com\/wp-content\/uploads\/2025\/06\/Blog-11-erweiterter-MAZyklus.jpeg","contentUrl":"https:\/\/www.tributoo.com\/wp-content\/uploads\/2025\/06\/Blog-11-erweiterter-MAZyklus.jpeg","width":1080,"height":1080},{"@type":"BreadcrumbList","@id":"https:\/\/www.tributoo.com\/extended-employee-life-cycle-mourning-culture-in-the-company\/#breadcrumb","itemListElement":[{"@type":"ListItem","position":1,"name":"Startseite","item":"https:\/\/www.tributoo.com\/"},{"@type":"ListItem","position":2,"name":"Extended employee life cycle &#8211; mourning culture in the company"}]},{"@type":"WebSite","@id":"https:\/\/www.tributoo.com\/#website","url":"https:\/\/www.tributoo.com\/","name":"Pagina principale online","description":"Mantenere vivi i ricordi","publisher":{"@id":"https:\/\/www.tributoo.com\/#organization"},"alternateName":"tributoo","potentialAction":[{"@type":"SearchAction","target":{"@type":"EntryPoint","urlTemplate":"https:\/\/www.tributoo.com\/?s={search_term_string}"},"query-input":{"@type":"PropertyValueSpecification","valueRequired":true,"valueName":"search_term_string"}}],"inLanguage":"it-IT"},{"@type":"Organization","@id":"https:\/\/www.tributoo.com\/#organization","name":"Tributoo","alternateName":"Gedenkseite Online","url":"https:\/\/www.tributoo.com\/","logo":{"@type":"ImageObject","inLanguage":"it-IT","@id":"https:\/\/www.tributoo.com\/#\/schema\/logo\/image\/","url":"https:\/\/www.tributoo.com\/wp-content\/uploads\/2024\/11\/Tributoo_logo_icon.png","contentUrl":"https:\/\/www.tributoo.com\/wp-content\/uploads\/2024\/11\/Tributoo_logo_icon.png","width":360,"height":174,"caption":"Tributoo"},"image":{"@id":"https:\/\/www.tributoo.com\/#\/schema\/logo\/image\/"},"sameAs":["https:\/\/www.facebook.com\/tributoo.official\/"]},{"@type":"Person","@id":"https:\/\/www.tributoo.com\/#\/schema\/person\/b5590eb1684976d9041b2d4b778df309","name":"naren","image":{"@type":"ImageObject","inLanguage":"it-IT","@id":"https:\/\/secure.gravatar.com\/avatar\/aa1b87ed132a28dbf4f4073abb5ec9e7b761799543a4ca95c2f01239f7c51fac?s=96&d=https%3A%2F%2Fui-avatars.com%2Fapi%2Fnarennaren%2F96%2Fc44569%2Ffff%2F1%2F0.4%2F%2F1%2F1&r=g","url":"https:\/\/secure.gravatar.com\/avatar\/aa1b87ed132a28dbf4f4073abb5ec9e7b761799543a4ca95c2f01239f7c51fac?s=96&d=https%3A%2F%2Fui-avatars.com%2Fapi%2Fnarennaren%2F96%2Fc44569%2Ffff%2F1%2F0.4%2F%2F1%2F1&r=g","contentUrl":"https:\/\/secure.gravatar.com\/avatar\/aa1b87ed132a28dbf4f4073abb5ec9e7b761799543a4ca95c2f01239f7c51fac?s=96&d=https%3A%2F%2Fui-avatars.com%2Fapi%2Fnarennaren%2F96%2Fc44569%2Ffff%2F1%2F0.4%2F%2F1%2F1&r=g","caption":"naren"},"url":"https:\/\/www.tributoo.com\/it\/author\/naren\/"}]}},"acf":[],"_links":{"self":[{"href":"https:\/\/www.tributoo.com\/it\/wp-json\/wp\/v2\/posts\/5076","targetHints":{"allow":["GET"]}}],"collection":[{"href":"https:\/\/www.tributoo.com\/it\/wp-json\/wp\/v2\/posts"}],"about":[{"href":"https:\/\/www.tributoo.com\/it\/wp-json\/wp\/v2\/types\/post"}],"author":[{"embeddable":true,"href":"https:\/\/www.tributoo.com\/it\/wp-json\/wp\/v2\/users\/157"}],"replies":[{"embeddable":true,"href":"https:\/\/www.tributoo.com\/it\/wp-json\/wp\/v2\/comments?post=5076"}],"version-history":[{"count":2,"href":"https:\/\/www.tributoo.com\/it\/wp-json\/wp\/v2\/posts\/5076\/revisions"}],"predecessor-version":[{"id":5078,"href":"https:\/\/www.tributoo.com\/it\/wp-json\/wp\/v2\/posts\/5076\/revisions\/5078"}],"wp:featuredmedia":[{"embeddable":true,"href":"https:\/\/www.tributoo.com\/it\/wp-json\/wp\/v2\/media\/4623"}],"wp:attachment":[{"href":"https:\/\/www.tributoo.com\/it\/wp-json\/wp\/v2\/media?parent=5076"}],"wp:term":[{"taxonomy":"category","embeddable":true,"href":"https:\/\/www.tributoo.com\/it\/wp-json\/wp\/v2\/categories?post=5076"},{"taxonomy":"post_tag","embeddable":true,"href":"https:\/\/www.tributoo.com\/it\/wp-json\/wp\/v2\/tags?post=5076"}],"curies":[{"name":"parola chiave","href":"https:\/\/api.w.org\/{rel}","templated":true}]}}